{"id":3801,"date":"2023-01-26T15:18:47","date_gmt":"2023-01-26T14:18:47","guid":{"rendered":"https:\/\/mapaagentow.pl\/blog\/?p=3801"},"modified":"2023-01-26T15:21:19","modified_gmt":"2023-01-26T14:21:19","slug":"ochrona-rodziny","status":"publish","type":"post","link":"https:\/\/mapaagentow.pl\/blog\/aktualnosci-branzowe\/ochrona-rodziny\/","title":{"rendered":"Ochrona rodziny"},"content":{"rendered":"\n<p><strong>Cho\u0107 rodzina sk\u0142ada si\u0119 z wielu pokole\u0144, a jej cz\u0142onkowie pe\u0142ni\u0105 r\u00f3\u017cne role, \u0142\u0105czy ich jedna z najwa\u017cniejszych potrzeb w \u017cyciu ka\u017cdego cz\u0142owieka, czyli bezpiecze\u0144stwo. Ka\u017cdego dnia, instynktownie, w r\u00f3\u017cnych formach&nbsp; chronimy najbli\u017cszych. Warto jednak zadba\u0107 tak\u017ce o ich zabezpieczenie w postaci ubezpieczeniowej, kt\u00f3ra zapewnia finansowy i psychiczny komfort oraz pewno\u015b\u0107 o najwy\u017cszej ochronie w razie niespodziewanych zdarze\u0144.<\/strong><\/p>\n\n\n\n<p>Ubezpieczyciele, proponuj\u0105cy polisy skierowane do rodzin, musz\u0105 bra\u0107 pod uwag\u0119, \u017ce obecnie definicja rodziny ma szeroki zakres. Nie jest to ju\u017c tylko model m\u0119\u017ca i \u017cony oraz ich dzieci, ale te\u017c zwi\u0105zki partnerskie lub krewni zamieszkuj\u0105cy w jednym&nbsp; gospodarstwie domowym. Polisy musz\u0105 by\u0107 dopasowane do zmieniaj\u0105cego si\u0119 \u015bwiata oraz potrzeb poszczeg\u00f3lnych cz\u0142onk\u00f3w rodziny, kt\u00f3rych \u0142\u0105czy blisko\u015b\u0107, lecz r\u00f3\u017cni\u0105 pasje, potrzeby czy tryb \u017cycia.<\/p>\n\n\n\n<h1 id=\"ubezpieczenie-rodzinne-kluczem-do-bezpieczenstwa\">Ubezpieczenie rodzinne kluczem do bezpiecze\u0144stwa<\/h1>\n\n\n\n<p>Wed\u0142ug najnowszego badania przeprowadzonego na zlecenie Wiener, dla 46% Polak\u00f3w to w\u0142a\u015bnie rodzina jest najwa\u017cniejsz\u0105 warto\u015bci\u0105 w \u017cyciu. Najcz\u0119\u015bciej na tak\u0105 odpowied\u017a decydowa\u0142y si\u0119 kobiety (51%) oraz osoby w wieku 45-54 lata (53%). Na drugim miejscu znalaz\u0142o si\u0119 zdrowie (37%). Znacznie rzadziej Polacy brali pod uwag\u0119 takie warto\u015bci jak bezpiecze\u0144stwo finansowe (7%), r\u00f3wnowaga mi\u0119dzy \u017cyciem zawodowym i prywatnym (5%) czy praca (4%).Niezdolno\u015b\u0107 do utrzymania siebie lub rodziny znalaz\u0142a si\u0119 w \u201eTOP3\u201d najcz\u0119stsz\u0105 obaw\u0105 Polak\u00f3w spo\u015br\u00f3d skutk\u00f3w nieszcz\u0119\u015bliwych wypadk\u00f3w albo zachorowania. Ta kwestia niepokoi a\u017c 43% badanych. Bardziej obawiaj\u0105 si\u0119 tylko ci\u0119\u017ckiej choroby (71%) i wysokich koszt\u00f3w leczenia (46%).<\/p>\n\n\n\n<h1 id=\"czego-najczesciej-obawiaja-sie-polacy\">Czego najcz\u0119\u015bciej obawiaj\u0105 si\u0119 Polacy<\/h1>\n\n\n\n<p>Podobne wnioski p\u0142yn\u0105 z raportu pt. <a href=\"https:\/\/piu.org.pl\/raporty\/mapa-ryzyka-polakow-jak-ubezpieczyciele-odpowiadaja-na-potrzeby-spoleczenstwa\/\" rel=\"nofollow\">\u201eMapa ryzyka Polak\u00f3w. Jak ubezpieczyciele odpowiadaj\u0105 na potrzeby spo\u0142ecze\u0144stwa?\u201d<\/a> Polskiej Izby Ubezpiecze\u0144 (PIU). Jest to ranking najistotniejszych trosk spo\u0142ecze\u0144stwa i zwi\u0105zanych z tym potrzeb ubezpieczeniowych. Trzy g\u0142\u00f3wne obawy Polak\u00f3w s\u0105 takie same bez wzgl\u0119du na wiek, p\u0142e\u0107 i miejsce zamieszkania. S\u0105 to: \u015bmier\u0107 najbli\u017cszej osoby, brak pieni\u0119dzy na leczenie powa\u017cnej choroby oraz ci\u0119\u017cka choroba najbli\u017cszej osoby. Warto zauwa\u017cy\u0107, \u017ce ka\u017cda z tych g\u0142\u00f3wnych obaw mo\u017ce zosta\u0107 ubezpieczona.<\/p>\n\n\n\n<p>Podobne wnioski p\u0142yn\u0105 z raportu pt. \u201eMapa ryzyka Polak\u00f3w. Jak ubezpieczyciele odpowiadaj\u0105 na potrzeby spo\u0142ecze\u0144stwa?\u201dPolskiej Izby Ubezpiecze\u0144 (PIU). Jest to ranking najistotniejszych trosk spo\u0142ecze\u0144stwa i zwi\u0105zanych z tym potrzeb ubezpieczeniowych.Trzy g\u0142\u00f3wne obawy Polak\u00f3w s\u0105 takie same bez wzgl\u0119du na wiek, p\u0142e\u0107 i miejsce zamieszkania. S\u0105 to: \u015bmier\u0107 najbli\u017cszej osoby, brak pieni\u0119dzy na leczenie powa\u017cnej choroby oraz ci\u0119\u017cka choroba najbli\u017cszej osoby. Warto zauwa\u017cy\u0107, \u017ce ka\u017cda z tych g\u0142\u00f3wnych obaw mo\u017ce zosta\u0107 ubezpieczona.<\/p>\n\n\n\n<p>Na obawy Polak\u00f3w wp\u0142yn\u0119\u0142a r\u00f3wnie\u017c pandemia, w wyniku kt\u00f3rej znacz\u0105co zwi\u0119kszy\u0142 si\u0119 odsetek badanych boj\u0105cych si\u0119 skutk\u00f3w ci\u0119\u017ckich chor\u00f3b os\u00f3b najbli\u017cszych (o 4 pkt. proc.) i braku dost\u0119pu do opieki medycznej (o 5 pkt. proc.).Czas pandemii wzmocni\u0142 te\u017c przekonanie o przydatno\u015bci ubezpiecze\u0144. W lutym 2021 r., 83 proc. respondent\u00f3w zgadza\u0142o si\u0119 ze stwierdzeniem, \u017ce<strong> \u201eubezpieczenie jest przydatne, gdy w \u017cyciu dziej\u0105 si\u0119 z\u0142e rzeczy\u201d<\/strong>. Rok wcze\u015bniej by\u0142o to 78 proc.<\/p>\n\n\n\n<h1 id=\"osoby-po-60-roku-zycia-sa-coraz-bardziej-swiadome-zagrozen\">Osoby po 60 roku \u017cycia s\u0105 coraz bardziej \u015bwiadome zagro\u017ce\u0144<\/h1>\n\n\n\n<p>\u015arednia d\u0142ugo\u015b\u0107 \u017cycia coraz bardziej si\u0119 wyd\u0142u\u017ca, jest to mo\u017cliwe dzi\u0119ki post\u0119powi cywilizacyjnemu i poprawie jako\u015bci \u017cycia. Przez to na ca\u0142ym \u015bwiecie systematycznie ro\u015bnie odsetek ludzi w wieku poprodukcyjnym. To zjawisko nie omin\u0119\u0142o r\u00f3wnie\u017c Polski. Wed\u0142ug wst\u0119pnych danych najnowszego Narodowego Spisu Powszechnego osoby po 60 roku \u017cycia stanowi\u0105 ju\u017c dzi\u015b ponad 1\/5 spo\u0142ecze\u0144stwa. Natomiast z prognoz demograficznych GUS wynika, \u017ce w Polsce w 2050 r. udzia\u0142 os\u00f3b w wieku powy\u017cej 65 roku \u017cycia wyniesie a\u017c 32,7%. To wymaga zmian pod wzgl\u0119dem projektowania oferty oraz dystrybucji&nbsp; ubezpiecze\u0144. Konieczne jest wprowadzenie nowych us\u0142ug i rozwi\u0105za\u0144 w tym zakresie, kt\u00f3re powinny by\u0107 odpowiednio dopasowane do potrzeb pokolenia, kt\u00f3re z roku na rok b\u0119dzie coraz wi\u0119kszym odsetkiem klient\u00f3w. To tak\u017ce osoby, kt\u00f3rych \u015bwiadomo\u015b\u0107 na temat ubezpiecze\u0144 ro\u015bnie, bo dzi\u0119ki powszechnemu dost\u0119powi do informacji w zasi\u0119gu swojego smartfona, coraz mocniej zdaj\u0105 sobie spraw\u0119 z ich zalet.<\/p>\n\n\n\n<h1 id=\"jak-powinna-wygladac-kompleksowa-oferta-ubezpieczen-dla-rodziny-w-2023-roku\">Jak powinna wygl\u0105da\u0107 kompleksowa oferta ubezpiecze\u0144 dla rodziny w 2023 roku?<\/h1>\n\n\n\n<p>Wielopokoleniowy model rodziny, sk\u0142adaj\u0105cej si\u0119 z dzieci, w tym r\u00f3wnie\u017c na etapie szkolnym, rodzic\u00f3w oraz senior\u00f3w zak\u0142ada r\u00f3\u017cny poziom potrzeb poszczeg\u00f3lnych generacji. Produkty ubezpieczeniowe na miar\u0119 XXI wieku uwzgl\u0119dniaj\u0105 nowoczesny model rodziny, proponuj\u0105c ochron\u0119 po dok\u0142adnej analizie jej potrzeb. S\u0105 to chocia\u017cby takie ubezpieczenia jak: <a href=\"https:\/\/mapaagentow.pl\/ubezpieczenia\/nnw\" target=\"_blank\" rel=\"noreferrer noopener\">ubezpieczenie nast\u0119pstw nieszcz\u0119\u015bliwych wypadk\u00f3w<\/a> czy <a href=\"https:\/\/mapaagentow.pl\/ubezpieczenia\/na-zycie\" target=\"_blank\" rel=\"noreferrer noopener\">polisa na \u017cycie<\/a>. To r\u00f3wnie\u017c ubezpieczenia zdrowotne oraz odpowiedzialno\u015bci cywilnej. Nie mo\u017cna zapomnie\u0107 o zabezpieczeniu domu, mieszkania oraz ubezpieczeniu szkolnym, z us\u0142ugami w zakresie zdrowia psychicznego i walki z cyberbullyingiem.<\/p>\n\n\n\n<h1 id=\"zjawisko-przemocy-w-sieci-coraz-bardziej-powszechne\">Zjawisko przemocy w sieci coraz bardziej powszechne<\/h1>\n\n\n\n<p>Wraz z coraz wi\u0119ksz\u0105 popularyzacj\u0105 nowych technologii, wzrasta odsetek ofiar dotkni\u0119tych przemoc\u0105 w sieci. Wed\u0142ug danych Ministerstwa Sprawiedliwo\u015bci, w ci\u0105gu o\u015bmiu lat liczba prawomocnie skazanych za to przest\u0119pstwo wzros\u0142a o ponad 3700%.Z takimi problemami mog\u0105 pom\u00f3c polisy zwi\u0105zane z cyberbezpiecze\u0144stwem, w kt\u00f3rych zakresie mog\u0105 si\u0119 znale\u017a\u0107 konsultacje psychologiczne czy wsparcie specjalisty IT.<\/p>\n\n\n\n<h1 id=\"na-jakie-polisy-najczesciej-decyduja-sie-polskie-rodziny\">Na jakie polisy najcz\u0119\u015bciej decyduj\u0105 si\u0119 polskie rodziny?<\/h1>\n\n\n\n<p>Aby by\u0107 przygotowanym na r\u00f3\u017cnego rodzaju niespodziewane zdarzenia, Polacy coraz cz\u0119\u015bciej decyduj\u0105 si\u0119 na ochron\u0119 ubezpieczeniow\u0105, co wp\u0142ywa na rozw\u00f3j tego rynku. Najwi\u0119kszym zainteresowaniem Polak\u00f3w ciesz\u0105 si\u0119 pakiety obejmuj\u0105ce <a href=\"https:\/\/mapaagentow.pl\/ubezpieczenia\/zdrowotne\" target=\"_blank\" rel=\"noreferrer noopener\">dost\u0119p do podstawowej opieki zdrowotnej, lekarzy specjalist\u00f3w i diagnostyki<\/a>. Wed\u0142ug danych PIU, na koniec 2021 r. ponad 3,8 mln Polak\u00f3w mia\u0142o wykupione ubezpieczenie zdrowotne, a na prywatne polisy wydano ponad 1 mld z\u0142, o 15 proc. wi\u0119cej ni\u017c rok wcze\u015bniej. Dostrzegalny jest r\u00f3wnie\u017c trend na \u201epakietowo\u015b\u0107\u201d.Polakom zacz\u0119\u0142o bardziej zale\u017ce\u0107 nie tylko na wyp\u0142acie jednorazowego \u015bwiadczenia, ale te\u017c na assistance, kt\u00f3ry zapewnia m.in. pe\u0142n\u0105 koordynacj\u0119 procesu leczenia.<\/p>\n\n\n\n<p>Oczywi\u015bcie nie wolno pomin\u0105\u0107 prawie powszechnych, ubezpiecze\u0144 maj\u0105tkowych dom\u00f3w i mieszka\u0144 oraz odpowiedzialno\u015bci cywilnej. Dane statystyczne potwierdzaj\u0105 \u017ce prawie 80 procent z nich jest ubezpieczonych. Zmiany klimatyczne, wyst\u0119puj\u0105ce coraz cz\u0119\u015bciej szkody \u017cywio\u0142owe tzw. punktowe (wichury, podtopienia, gradobicia, wy\u0142adowania atmosferyczne) przekona\u0142y wielu niezdecydowanych o ubezpieczeniu swojego mienia. Bo przecie\u017c dom, mieszkanie to podstawa bytu ka\u017cdej rodziny. I trzeba o nie w\u0142a\u015bciwie dba\u0107.<\/p>\n\n\n\n<h1 id=\"kompleksowa-ochrona-rodziny-jaki-pakiet-ubezpieczen-wybrac\">Kompleksowa ochrona rodziny- jaki pakiet ubezpiecze\u0144 wybra\u0107?<\/h1>\n\n\n\n<p>Przedstawiaj\u0105c oferty ubezpiecze\u0144, warto sprawdzi\u0107, kt\u00f3re z nich proponuj\u0105 najwi\u0119cej dopasowanych do danej rodziny element\u00f3w. Dzi\u0119ki temu, klienci ka\u017cdego dnia mog\u0105 by\u0107 pewni, \u017ce bezpiecze\u0144stwo ich rodziny jest w dobrych r\u0119kach. Odpowiednio dobrana polisa zmniejszy stres i niepok\u00f3j w przypadku nieszcz\u0119\u015bliwych zdarze\u0144.<\/p>\n\n\n\n<hr class=\"wp-block-separator has-alpha-channel-opacity\"\/>\n\n\n<div class=\"cnvs-block-author cnvs-block-author-1674742250486\" >\t\t<div class=\"widget-body\">\n\t\t\t<div class=\"pk-widget-author\">\n\t\t\t\t\n\t\t\t\t<div class=\"pk-widget-author-container\">\n\t\t\t\t\t\n\t\t\t\t\t\n\t\t\t\t\t<h5 id=\"anna-materny-dyrektor-biura-ubezpieczen-detalicznych-wiener-tu-s-a-vig\" class=\"pk-author-title\">\n\t\t\t\t\t\t<a href=\"https:\/\/mapaagentow.pl\/blog\/author\/annamaterny\/\" rel=\"author\">\n\t\t\t\t\t\t\tAnna Materny, Dyrektor Biura Ubezpiecze\u0144 Detalicznych Wiener TU S.A. VIG\t\t\t\t\t\t<\/a>\n\t\t\t\t\t<\/h5>\n\n\t\t\t\t\t\t\t\t\t\t\t<div class=\"pk-author-avatar\">\n\t\t\t\t\t\t\t<a href=\"https:\/\/mapaagentow.pl\/blog\/author\/annamaterny\/\" rel=\"author\">\n\t\t\t\t\t\t\t\t<img alt='' src='https:\/\/mapaagentow.pl\/blog\/wp-content\/uploads\/2022\/07\/Anna-Materny-80x80.png' srcset='https:\/\/mapaagentow.pl\/blog\/wp-content\/uploads\/2022\/07\/Anna-Materny-160x160.png 2x' class='avatar avatar-80 photo' height='80' width='80' loading='lazy'\/>\t\t\t\t\t\t\t<\/a>\n\t\t\t\t\t\t<\/div>\n\t\t\t\t\t\n\t\t\t\t\t<div class=\"pk-author-data\">\n\t\t\t\t\t\t\t\t<div class=\"pk-author-social-links pk-social-links-wrap pk-social-links-template-default\">\n\t\t\t<div class=\"pk-social-links-items\">\n\t\t\t\t\t\t\t\t<div class=\"pk-social-links-item pk-social-links-website\">\n\t\t\t\t\t<a href=\"https:\/\/www.wiener.pl\/\" class=\"pk-social-links-link\" target=\"_blank\" rel=\"nofollow\">\n\t\t\t\t\t\t<i class=\"pk-icon pk-icon-website\"><\/i>\n\t\t\t\t\t\t\t\t\t\t\t<\/a>\n\t\t\t\t<\/div>\n\t\t\t\t\t\t\t\t<\/div>\n\t\t<\/div>\n\t\t\n\t\t\t\t\t\t\t\t\t\t\t<\/div>\n\t\t\t\t<\/div>\n\t\t\t<\/div>\n\t\t<\/div>\n\t<\/div>","protected":false},"excerpt":{"rendered":"Cho\u0107 rodzina sk\u0142ada si\u0119 z wielu pokole\u0144, a jej cz\u0142onkowie pe\u0142ni\u0105 r\u00f3\u017cne role, \u0142\u0105czy ich jedna z najwa\u017cniejszych&hellip;\n","protected":false},"author":25,"featured_media":3802,"comment_status":"closed","ping_status":"open","sticky":false,"template":"","format":"standard","meta":{"csco_singular_sidebar":"","csco_page_header_type":"","csco_appearance_grid":"","csco_page_load_nextpost":"","csco_post_video_location":[],"csco_post_video_location_hash":"","csco_post_video_url":"","csco_post_video_bg_start_time":0,"csco_post_video_bg_end_time":0},"categories":[12],"tags":[],"yoast_head":"<!-- This site is optimized with the Yoast SEO plugin v18.2 - https:\/\/yoast.com\/wordpress\/plugins\/seo\/ -->\n<title>Ochrona rodziny &ndash; Mapa Agent\u00f3w - Blog<\/title>\n<meta name=\"description\" content=\"Ubezpieczenie rodzinne kluczem do bezpiecze\u0144stwa. Na jakie polisy najcz\u0119\u015bciej decyduj\u0105 si\u0119 polskie rodziny?\" \/>\n<meta name=\"robots\" content=\"index, follow, max-snippet:-1, max-image-preview:large, max-video-preview:-1\" \/>\n<link rel=\"canonical\" href=\"https:\/\/mapaagentow.pl\/blog\/aktualnosci-branzowe\/ochrona-rodziny\/\" \/>\n<meta property=\"og:locale\" content=\"pl_PL\" \/>\n<meta property=\"og:type\" content=\"article\" \/>\n<meta property=\"og:title\" content=\"Ochrona rodziny &ndash; Mapa Agent\u00f3w - Blog\" \/>\n<meta property=\"og:description\" content=\"Ubezpieczenie rodzinne kluczem do bezpiecze\u0144stwa. Na jakie polisy najcz\u0119\u015bciej decyduj\u0105 si\u0119 polskie rodziny?\" \/>\n<meta property=\"og:url\" content=\"https:\/\/mapaagentow.pl\/blog\/aktualnosci-branzowe\/ochrona-rodziny\/\" \/>\n<meta property=\"og:site_name\" content=\"Mapa Agent\u00f3w - Blog\" \/>\n<meta property=\"article:publisher\" content=\"https:\/\/www.facebook.com\/Agent-Przysz%c5%82o%c5%9bci-326651642080305\" \/>\n<meta property=\"article:published_time\" content=\"2023-01-26T14:18:47+00:00\" \/>\n<meta property=\"article:modified_time\" content=\"2023-01-26T14:21:19+00:00\" \/>\n<meta property=\"og:image\" content=\"https:\/\/mapaagentow.pl\/blog\/wp-content\/uploads\/2023\/01\/Ochrona-rodziny.jpg\" \/>\n\t<meta property=\"og:image:width\" content=\"1000\" \/>\n\t<meta property=\"og:image:height\" content=\"667\" \/>\n\t<meta property=\"og:image:type\" content=\"image\/jpeg\" \/>\n<meta name=\"twitter:card\" content=\"summary_large_image\" \/>\n<meta name=\"twitter:label1\" content=\"Napisane przez\" \/>\n\t<meta name=\"twitter:data1\" content=\"Anna Materny, Dyrektor Biura Ubezpiecze\u0144 Detalicznych Wiener TU S.A. VIG\" \/>\n\t<meta name=\"twitter:label2\" content=\"Szacowany czas czytania\" \/>\n\t<meta name=\"twitter:data2\" content=\"6 minut\" \/>\n<script type=\"application\/ld+json\" class=\"yoast-schema-graph\">{\"@context\":\"https:\/\/schema.org\",\"@graph\":[{\"@type\":\"WebSite\",\"@id\":\"https:\/\/mapaagentow.pl\/blog\/#website\",\"url\":\"https:\/\/mapaagentow.pl\/blog\/\",\"name\":\"Mapa Agent\u00f3w - Blog\",\"description\":\"Blog dla ka\u017cdego agenta ubezpieczeniowego\",\"potentialAction\":[{\"@type\":\"SearchAction\",\"target\":{\"@type\":\"EntryPoint\",\"urlTemplate\":\"https:\/\/mapaagentow.pl\/blog\/?s={search_term_string}\"},\"query-input\":\"required name=search_term_string\"}],\"inLanguage\":\"pl-PL\"},{\"@type\":\"ImageObject\",\"@id\":\"https:\/\/mapaagentow.pl\/blog\/aktualnosci-branzowe\/ochrona-rodziny\/#primaryimage\",\"inLanguage\":\"pl-PL\",\"url\":\"https:\/\/mapaagentow.pl\/blog\/wp-content\/uploads\/2023\/01\/Ochrona-rodziny.jpg\",\"contentUrl\":\"https:\/\/mapaagentow.pl\/blog\/wp-content\/uploads\/2023\/01\/Ochrona-rodziny.jpg\",\"width\":1000,\"height\":667},{\"@type\":\"WebPage\",\"@id\":\"https:\/\/mapaagentow.pl\/blog\/aktualnosci-branzowe\/ochrona-rodziny\/#webpage\",\"url\":\"https:\/\/mapaagentow.pl\/blog\/aktualnosci-branzowe\/ochrona-rodziny\/\",\"name\":\"Ochrona rodziny &ndash; Mapa Agent\u00f3w - Blog\",\"isPartOf\":{\"@id\":\"https:\/\/mapaagentow.pl\/blog\/#website\"},\"primaryImageOfPage\":{\"@id\":\"https:\/\/mapaagentow.pl\/blog\/aktualnosci-branzowe\/ochrona-rodziny\/#primaryimage\"},\"datePublished\":\"2023-01-26T14:18:47+00:00\",\"dateModified\":\"2023-01-26T14:21:19+00:00\",\"author\":{\"@id\":\"https:\/\/mapaagentow.pl\/blog\/#\/schema\/person\/2ccfce967b42feb94c555bfed22d379a\"},\"description\":\"Ubezpieczenie rodzinne kluczem do bezpiecze\u0144stwa. Na jakie polisy najcz\u0119\u015bciej decyduj\u0105 si\u0119 polskie rodziny?\",\"breadcrumb\":{\"@id\":\"https:\/\/mapaagentow.pl\/blog\/aktualnosci-branzowe\/ochrona-rodziny\/#breadcrumb\"},\"inLanguage\":\"pl-PL\",\"potentialAction\":[{\"@type\":\"ReadAction\",\"target\":[\"https:\/\/mapaagentow.pl\/blog\/aktualnosci-branzowe\/ochrona-rodziny\/\"]}]},{\"@type\":\"BreadcrumbList\",\"@id\":\"https:\/\/mapaagentow.pl\/blog\/aktualnosci-branzowe\/ochrona-rodziny\/#breadcrumb\",\"itemListElement\":[{\"@type\":\"ListItem\",\"position\":1,\"name\":\"Blog\",\"item\":\"https:\/\/mapaagentow.pl\/blog\/\"},{\"@type\":\"ListItem\",\"position\":2,\"name\":\"Aktualno\u015bci bran\u017cowe\",\"item\":\"https:\/\/mapaagentow.pl\/blog\/.\/aktualnosci-branzowe\/\"},{\"@type\":\"ListItem\",\"position\":3,\"name\":\"Ochrona rodziny\"}]},{\"@type\":\"Person\",\"@id\":\"https:\/\/mapaagentow.pl\/blog\/#\/schema\/person\/2ccfce967b42feb94c555bfed22d379a\",\"name\":\"Anna Materny, Dyrektor Biura Ubezpiecze\u0144 Detalicznych Wiener TU S.A. VIG\",\"image\":{\"@type\":\"ImageObject\",\"@id\":\"https:\/\/mapaagentow.pl\/blog\/#personlogo\",\"inLanguage\":\"pl-PL\",\"url\":\"https:\/\/mapaagentow.pl\/blog\/wp-content\/uploads\/2022\/07\/Anna-Materny-96x96.png\",\"contentUrl\":\"https:\/\/mapaagentow.pl\/blog\/wp-content\/uploads\/2022\/07\/Anna-Materny-96x96.png\",\"caption\":\"Anna Materny, Dyrektor Biura Ubezpiecze\u0144 Detalicznych Wiener TU S.A. VIG\"},\"sameAs\":[\"https:\/\/www.wiener.pl\/\"],\"url\":\"https:\/\/mapaagentow.pl\/blog\/author\/annamaterny\/\"}]}<\/script>\n<!-- \/ Yoast SEO plugin. -->","yoast_head_json":{"title":"Ochrona rodziny &ndash; Mapa Agent\u00f3w - Blog","description":"Ubezpieczenie rodzinne kluczem do bezpiecze\u0144stwa. Na jakie polisy najcz\u0119\u015bciej decyduj\u0105 si\u0119 polskie rodziny?","robots":{"index":"index","follow":"follow","max-snippet":"max-snippet:-1","max-image-preview":"max-image-preview:large","max-video-preview":"max-video-preview:-1"},"canonical":"https:\/\/mapaagentow.pl\/blog\/aktualnosci-branzowe\/ochrona-rodziny\/","og_locale":"pl_PL","og_type":"article","og_title":"Ochrona rodziny &ndash; Mapa Agent\u00f3w - Blog","og_description":"Ubezpieczenie rodzinne kluczem do bezpiecze\u0144stwa. Na jakie polisy najcz\u0119\u015bciej decyduj\u0105 si\u0119 polskie rodziny?","og_url":"https:\/\/mapaagentow.pl\/blog\/aktualnosci-branzowe\/ochrona-rodziny\/","og_site_name":"Mapa Agent\u00f3w - Blog","article_publisher":"https:\/\/www.facebook.com\/Agent-Przysz%c5%82o%c5%9bci-326651642080305","article_published_time":"2023-01-26T14:18:47+00:00","article_modified_time":"2023-01-26T14:21:19+00:00","og_image":[{"width":1000,"height":667,"url":"https:\/\/mapaagentow.pl\/blog\/wp-content\/uploads\/2023\/01\/Ochrona-rodziny.jpg","type":"image\/jpeg"}],"twitter_card":"summary_large_image","twitter_misc":{"Napisane przez":"Anna Materny, Dyrektor Biura Ubezpiecze\u0144 Detalicznych Wiener TU S.A. VIG","Szacowany czas czytania":"6 minut"},"schema":{"@context":"https:\/\/schema.org","@graph":[{"@type":"WebSite","@id":"https:\/\/mapaagentow.pl\/blog\/#website","url":"https:\/\/mapaagentow.pl\/blog\/","name":"Mapa Agent\u00f3w - Blog","description":"Blog dla ka\u017cdego agenta ubezpieczeniowego","potentialAction":[{"@type":"SearchAction","target":{"@type":"EntryPoint","urlTemplate":"https:\/\/mapaagentow.pl\/blog\/?s={search_term_string}"},"query-input":"required name=search_term_string"}],"inLanguage":"pl-PL"},{"@type":"ImageObject","@id":"https:\/\/mapaagentow.pl\/blog\/aktualnosci-branzowe\/ochrona-rodziny\/#primaryimage","inLanguage":"pl-PL","url":"https:\/\/mapaagentow.pl\/blog\/wp-content\/uploads\/2023\/01\/Ochrona-rodziny.jpg","contentUrl":"https:\/\/mapaagentow.pl\/blog\/wp-content\/uploads\/2023\/01\/Ochrona-rodziny.jpg","width":1000,"height":667},{"@type":"WebPage","@id":"https:\/\/mapaagentow.pl\/blog\/aktualnosci-branzowe\/ochrona-rodziny\/#webpage","url":"https:\/\/mapaagentow.pl\/blog\/aktualnosci-branzowe\/ochrona-rodziny\/","name":"Ochrona rodziny &ndash; Mapa Agent\u00f3w - Blog","isPartOf":{"@id":"https:\/\/mapaagentow.pl\/blog\/#website"},"primaryImageOfPage":{"@id":"https:\/\/mapaagentow.pl\/blog\/aktualnosci-branzowe\/ochrona-rodziny\/#primaryimage"},"datePublished":"2023-01-26T14:18:47+00:00","dateModified":"2023-01-26T14:21:19+00:00","author":{"@id":"https:\/\/mapaagentow.pl\/blog\/#\/schema\/person\/2ccfce967b42feb94c555bfed22d379a"},"description":"Ubezpieczenie rodzinne kluczem do bezpiecze\u0144stwa. Na jakie polisy najcz\u0119\u015bciej decyduj\u0105 si\u0119 polskie rodziny?","breadcrumb":{"@id":"https:\/\/mapaagentow.pl\/blog\/aktualnosci-branzowe\/ochrona-rodziny\/#breadcrumb"},"inLanguage":"pl-PL","potentialAction":[{"@type":"ReadAction","target":["https:\/\/mapaagentow.pl\/blog\/aktualnosci-branzowe\/ochrona-rodziny\/"]}]},{"@type":"BreadcrumbList","@id":"https:\/\/mapaagentow.pl\/blog\/aktualnosci-branzowe\/ochrona-rodziny\/#breadcrumb","itemListElement":[{"@type":"ListItem","position":1,"name":"Blog","item":"https:\/\/mapaagentow.pl\/blog\/"},{"@type":"ListItem","position":2,"name":"Aktualno\u015bci bran\u017cowe","item":"https:\/\/mapaagentow.pl\/blog\/.\/aktualnosci-branzowe\/"},{"@type":"ListItem","position":3,"name":"Ochrona rodziny"}]},{"@type":"Person","@id":"https:\/\/mapaagentow.pl\/blog\/#\/schema\/person\/2ccfce967b42feb94c555bfed22d379a","name":"Anna Materny, Dyrektor Biura Ubezpiecze\u0144 Detalicznych Wiener TU S.A. VIG","image":{"@type":"ImageObject","@id":"https:\/\/mapaagentow.pl\/blog\/#personlogo","inLanguage":"pl-PL","url":"https:\/\/mapaagentow.pl\/blog\/wp-content\/uploads\/2022\/07\/Anna-Materny-96x96.png","contentUrl":"https:\/\/mapaagentow.pl\/blog\/wp-content\/uploads\/2022\/07\/Anna-Materny-96x96.png","caption":"Anna Materny, Dyrektor Biura Ubezpiecze\u0144 Detalicznych Wiener TU S.A. VIG"},"sameAs":["https:\/\/www.wiener.pl\/"],"url":"https:\/\/mapaagentow.pl\/blog\/author\/annamaterny\/"}]}},"_links":{"self":[{"href":"https:\/\/mapaagentow.pl\/blog\/wp-json\/wp\/v2\/posts\/3801"}],"collection":[{"href":"https:\/\/mapaagentow.pl\/blog\/wp-json\/wp\/v2\/posts"}],"about":[{"href":"https:\/\/mapaagentow.pl\/blog\/wp-json\/wp\/v2\/types\/post"}],"author":[{"embeddable":true,"href":"https:\/\/mapaagentow.pl\/blog\/wp-json\/wp\/v2\/users\/25"}],"replies":[{"embeddable":true,"href":"https:\/\/mapaagentow.pl\/blog\/wp-json\/wp\/v2\/comments?post=3801"}],"version-history":[{"count":2,"href":"https:\/\/mapaagentow.pl\/blog\/wp-json\/wp\/v2\/posts\/3801\/revisions"}],"predecessor-version":[{"id":3804,"href":"https:\/\/mapaagentow.pl\/blog\/wp-json\/wp\/v2\/posts\/3801\/revisions\/3804"}],"wp:featuredmedia":[{"embeddable":true,"href":"https:\/\/mapaagentow.pl\/blog\/wp-json\/wp\/v2\/media\/3802"}],"wp:attachment":[{"href":"https:\/\/mapaagentow.pl\/blog\/wp-json\/wp\/v2\/media?parent=3801"}],"wp:term":[{"taxonomy":"category","embeddable":true,"href":"https:\/\/mapaagentow.pl\/blog\/wp-json\/wp\/v2\/categories?post=3801"},{"taxonomy":"post_tag","embeddable":true,"href":"https:\/\/mapaagentow.pl\/blog\/wp-json\/wp\/v2\/tags?post=3801"}],"curies":[{"name":"wp","href":"https:\/\/api.w.org\/{rel}","templated":true}]}}