{"id":3805,"date":"2023-01-31T15:17:49","date_gmt":"2023-01-31T14:17:49","guid":{"rendered":"https:\/\/mapaagentow.pl\/blog\/?p=3805"},"modified":"2023-01-31T15:29:20","modified_gmt":"2023-01-31T14:29:20","slug":"terminowe-ubezpieczenie-na-zycie-z-mozliwoscia-zawarcia-umow-dodatkowych","status":"publish","type":"post","link":"https:\/\/mapaagentow.pl\/blog\/aktualnosci-branzowe\/terminowe-ubezpieczenie-na-zycie-z-mozliwoscia-zawarcia-umow-dodatkowych\/","title":{"rendered":"Terminowe ubezpieczenie na \u017cycie z mo\u017cliwo\u015bci\u0105 zawarcia um\u00f3w dodatkowych"},"content":{"rendered":"\n<p class=\"is-style-cnvs-paragraph-callout\"><a href=\"https:\/\/viennalife.pl\/oferta\/zycie-i-zdrowie\/kapitalna-ochrona\" target=\"_blank\" rel=\"noreferrer noopener nofollow\">KAPITALna OCHRONA+<\/a> to ubezpieczenie na \u017cycie z mo\u017cliwo\u015bci\u0105 rozbudowania go o dodatkow\u0105 ochron\u0119 \u017cycia i zdrowia. Ubezpieczenie dost\u0119pne jest dla os\u00f3b, kt\u00f3re uko\u0144czy\u0142y 18 lat, ale wci\u0105\u017c nie maj\u0105 uko\u0144czonych 70 lat, a wysoko\u015b\u0107 jego sk\u0142adki rozpoczyna si\u0119 ju\u017c od 30 z\u0142 miesi\u0119cznie.<\/p>\n\n\n\n<div class=\"cnvs-block-toc cnvs-block-toc-1675174467352\" >\n    <\/div>\n\n\n\n<h1 id=\"dla-jakich-osob-jest-ubezpieczenie-kapitalna-ochrona\">Dla jakich os\u00f3b jest ubezpieczenie KAPITALna OCHRONA+?<\/h1>\n\n\n\n<ul class=\"is-style-cnvs-list-styled-positive\"><li>chc\u0105 zabezpieczy\u0107 przysz\u0142o\u015b\u0107 finansow\u0105 swoich bliskich w razie swojej \u015bmierci, <\/li><li>ceni\u0105 sobie niezale\u017cno\u015b\u0107 i chc\u0105 mie\u0107 dodatkowe wsparcie finansowe w trudnej sytuacji \u017cyciowej zwi\u0105zanej z wypadkiem lub chorob\u0105,<\/li><li>poszukuj\u0105 polisy w celu zabezpieczenia sp\u0142aty kredytu z mo\u017cliwo\u015bci\u0105 wyboru malej\u0105cej sumy ubezpieczenia.<br>Malej\u0105ca suma ubezpieczenia = Ni\u017csza sk\u0142adka<br>Ni\u017csza sk\u0142adka = Ni\u017cszy koszt kredytu<\/li><\/ul>\n\n\n\n<p><strong>Zapoznaj si\u0119 z wykresem poni\u017cej i sam si\u0119 przekonaj!<\/strong><\/p>\n\n\n\n<figure class=\"wp-block-image size-large is-resized\"><a href=\"https:\/\/viennalife.pl\/oferta\/zycie-i-zdrowie\/kapitalna-ochrona\"><img  loading=\"lazy\"  src=\"data:image\/png;base64,iVBORw0KGgoAAAANSUhEUgAAAAEAAAABAQMAAAAl21bKAAAAA1BMVEUAAP+KeNJXAAAAAXRSTlMAQObYZgAAAAlwSFlzAAAOxAAADsQBlSsOGwAAAApJREFUCNdjYAAAAAIAAeIhvDMAAAAASUVORK5CYII=\"  alt=\"\"  class=\"wp-image-3806 pk-lazyload\"  width=\"743\"  height=\"464\"  data-pk-sizes=\"auto\"  data-ls-sizes=\"(max-width: 743px) 100vw, 743px\"  data-pk-src=\"https:\/\/mapaagentow.pl\/blog\/wp-content\/uploads\/2023\/01\/tabela-Vienna-Life-1024x640.jpg\"  data-pk-srcset=\"https:\/\/mapaagentow.pl\/blog\/wp-content\/uploads\/2023\/01\/tabela-Vienna-Life-1024x640.jpg 1024w, https:\/\/mapaagentow.pl\/blog\/wp-content\/uploads\/2023\/01\/tabela-Vienna-Life-300x188.jpg 300w, https:\/\/mapaagentow.pl\/blog\/wp-content\/uploads\/2023\/01\/tabela-Vienna-Life-768x480.jpg 768w, https:\/\/mapaagentow.pl\/blog\/wp-content\/uploads\/2023\/01\/tabela-Vienna-Life-1536x960.jpg 1536w, https:\/\/mapaagentow.pl\/blog\/wp-content\/uploads\/2023\/01\/tabela-Vienna-Life-2048x1280.jpg 2048w, https:\/\/mapaagentow.pl\/blog\/wp-content\/uploads\/2023\/01\/tabela-Vienna-Life-380x238.jpg 380w, https:\/\/mapaagentow.pl\/blog\/wp-content\/uploads\/2023\/01\/tabela-Vienna-Life-550x344.jpg 550w, https:\/\/mapaagentow.pl\/blog\/wp-content\/uploads\/2023\/01\/tabela-Vienna-Life-800x500.jpg 800w, https:\/\/mapaagentow.pl\/blog\/wp-content\/uploads\/2023\/01\/tabela-Vienna-Life-1160x725.jpg 1160w, https:\/\/mapaagentow.pl\/blog\/wp-content\/uploads\/2023\/01\/tabela-Vienna-Life-3072x1920.jpg 3072w, https:\/\/mapaagentow.pl\/blog\/wp-content\/uploads\/2023\/01\/tabela-Vienna-Life-760x475.jpg 760w, https:\/\/mapaagentow.pl\/blog\/wp-content\/uploads\/2023\/01\/tabela-Vienna-Life-1100x688.jpg 1100w, https:\/\/mapaagentow.pl\/blog\/wp-content\/uploads\/2023\/01\/tabela-Vienna-Life-1600x1000.jpg 1600w, https:\/\/mapaagentow.pl\/blog\/wp-content\/uploads\/2023\/01\/tabela-Vienna-Life-2320x1450.jpg 2320w, https:\/\/mapaagentow.pl\/blog\/wp-content\/uploads\/2023\/01\/tabela-Vienna-Life-600x375.jpg 600w, https:\/\/mapaagentow.pl\/blog\/wp-content\/uploads\/2023\/01\/tabela-Vienna-Life-scaled.jpg 2560w\" ><\/a><\/figure>\n\n\n\n<h1 id=\"zakres-ochrony-i-wysokosc-swiadczenia\" class=\"has-large-font-size\">Zakres ochrony i wysoko\u015b\u0107 \u015bwiadczenia<\/h1>\n\n\n\n<figure class=\"wp-block-table is-style-regular has-small-font-size\"><table><thead><tr><th class=\"has-text-align-center\" data-align=\"center\"><\/th><th class=\"has-text-align-center\" data-align=\"center\"><strong>Zakres ochrony Max. wiek<\/strong><\/th><th class=\"has-text-align-center\" data-align=\"center\"><strong>Max. wiek<br>ochrony dla<br>Ubezpieczonego<\/strong><\/th><th><strong>Wysoko\u015b\u0107 \u015bwiadczenia<\/strong><\/th><\/tr><\/thead><tbody><tr><td class=\"has-text-align-center\" data-align=\"center\">Umowa g\u0142\u00f3wna<\/td><td class=\"has-text-align-center\" data-align=\"center\">\u015amier\u0107 z<br>dowolnej<br>przyczyny<\/td><td class=\"has-text-align-center\" data-align=\"center\">80 lat<\/td><td>Do wyboru suma ubezpieczenia:<br>\u2022 sta\u0142a w ca\u0142ym okresie ubezpieczenia lub,<br>\u2022 malej\u0105ca w miar\u0119 up\u0142ywu okresu ubezpieczenia<br>100% sumy ubezpieczenia aktualnej w dniu \u015bmierci<br>Ubezpieczonego<\/td><\/tr><tr><td class=\"has-text-align-center\" data-align=\"center\">Umowy dodatkowe<\/td><td class=\"has-text-align-center\" data-align=\"center\">\u015amier\u0107 wskutek<br>nieszcz\u0119\u015bliwego<br>wypadku (NW)<\/td><td class=\"has-text-align-center\" data-align=\"center\">70 lat<\/td><td>100% sumy ubezpieczenia aktualnej w dniu \u015bmierci<br>Ubezpieczonego + \u015bwiadczenie z tytu\u0142u \u015bmierci<br>Ubezpieczonego<br>(je\u015bli zawarta zosta\u0142a umowa dodatkowa na wypadek<br>\u015bmierci Ubezpieczonego)<\/td><\/tr><tr><td class=\"has-text-align-center\" data-align=\"center\">Umowy dodatkowe<\/td><td class=\"has-text-align-center\" data-align=\"center\">\u015bmier\u0107 wskutek<br>wypadku<br>komunikacyjnego<br>(WK)<\/td><td class=\"has-text-align-center\" data-align=\"center\">65 lat<\/td><td>100% sumy ubezpieczenia aktualnej w dniu \u015bmierci<br>Ubezpieczonego + \u015bwiadczenie z tytu\u0142u \u015bmierci<br>Ubezpieczonego<br>(je\u015bli zawarta zosta\u0142a umowa dodatkowa) oraz \u015bmierci<br>wskutek NW (je\u015bli zawarta zosta\u0142a umowa<br>dodatkowa)<\/td><\/tr><tr><td class=\"has-text-align-center\" data-align=\"center\">Umowy dodatkowe<\/td><td class=\"has-text-align-center\" data-align=\"center\">ca\u0142kowita<br>niezdolno\u015b\u0107<br>do pracy wskutek<br>NW lub choroby<\/td><td class=\"has-text-align-center\" data-align=\"center\">65 lat<\/td><td>Wyp\u0142ata \u015bwiadczenia z\u0142o\u017cona jest z dw\u00f3ch cz\u0119\u015bci:<br>\u2022 miesi\u0119cznego \u015bwiadczenia rentowego pocz\u0105wszy od 7.<br>miesi\u0105ca niezdolno\u015bci<br>(maksymalnie przez 18 miesi\u0119cy) oraz<br>\u2022 jednorazowej kwoty odpowiadaj\u0105cej wysoko\u015bci 50%<br>renty, jaka przys\u0142ugiwa\u0142aby za okres pierwszych 6<br>miesi\u0119cy niezdolno\u015bci<\/td><\/tr><tr><td class=\"has-text-align-center\" data-align=\"center\">Umowy dodatkowe<\/td><td class=\"has-text-align-center\" data-align=\"center\">wyst\u0105pienie<br>nowotworu<br>z\u0142o\u015bliwego<\/td><td class=\"has-text-align-center\" data-align=\"center\">65 lat<\/td><td>Nowotw\u00f3r in situ \u2013 5% sumy ubezpieczenia<br>Nowotw\u00f3r z\u0142o\u015bliwy \u2013 suma ubezpieczenia aktualna na dzie\u0144<br>wyst\u0105pienia nowotworu<br>Max. 100% sumy ubezpieczenia<\/td><\/tr><tr><td class=\"has-text-align-center\" data-align=\"center\">Umowy dodatkowe<\/td><td class=\"has-text-align-center\" data-align=\"center\">leczenie<br>nowotworu<\/td><td class=\"has-text-align-center\" data-align=\"center\">65 lat<\/td><td>100% SU<br>\u2022 jedno \u015bwiadczenie w ka\u017cdym kolejnym roku polisy<\/td><\/tr><tr><td class=\"has-text-align-center\" data-align=\"center\">Umowy dodatkowe<\/td><td class=\"has-text-align-center\" data-align=\"center\">operacje<br>chirurgiczne<\/td><td class=\"has-text-align-center\" data-align=\"center\">65 lat<\/td><td>okre\u015blony procent sumy ubezpieczenia wskazany w<br>tabeli operacji chirurgicznych<br>\u2022 maksymalnie 100% sumy ubezpieczenia w ka\u017cdym<br>kolejnym roku polisy<\/td><\/tr><tr><td class=\"has-text-align-center\" data-align=\"center\">Umowy dodatkowe<\/td><td class=\"has-text-align-center\" data-align=\"center\">wyst\u0105pienie<br>powa\u017cnego<br>zachorowania<\/td><td class=\"has-text-align-center\" data-align=\"center\">65 lat<\/td><td>100% sumy ubezpieczenia<\/td><\/tr><tr><td class=\"has-text-align-center\" data-align=\"center\">Umowy dodatkowe<\/td><td class=\"has-text-align-center\" data-align=\"center\">pobyt w szpitalu<br>wskutek NW<br>lub choroby<\/td><td class=\"has-text-align-center\" data-align=\"center\">65 lat<\/td><td>ilo\u015b\u0107 dni w szpitalu x suma ubezpieczenia<br>\u2022 maksymalnie 92 dni w ka\u017cdym roku polisy (a w<br>przypadku oddzia\u0142u neurologicznego \u2013 30 dni)<br>\u2022 pobyt w szpitalu musi trwa\u0107 przynajmniej:<br>\u27a2 2 dni \u2013 w przypadku pobytu w szpitalu wskutek NW<br>\u27a2 3 dni \u2013 w przypadku pobytu chorobowego<\/td><\/tr><\/tbody><\/table><figcaption>SU \u2013 suma ubezpieczenia<\/figcaption><\/figure>\n\n\n\n<h1 id=\"dlaczego-kapitalna-ochrona\">Dlaczego KAPITALna OCHRONA+?<\/h1>\n\n\n\n<ul class=\"is-style-cnvs-list-styled-positive\"><li>mo\u017cliwo\u015b\u0107 wyboru zmiennej lub sta\u0142ej sumy ubezpieczenia, kt\u00f3ra mo\u017ce pos\u0142u\u017cy\u0107 jako zabezpieczenie zobowi\u0105zania finansowego,<\/li><li>wysoko\u015b\u0107 sk\u0142adki zaczyna si\u0119 od 30 z\u0142 i w zale\u017cno\u015bci od rodzaju um\u00f3w dodatkowych mo\u017ce ona ulec zmianie,<\/li><li>mo\u017cliwo\u015b\u0107 rozszerzenia ochrony \u017cycia o dodatkowe ryzyka (np. operacje chirurgiczne to a\u017c 540 operacji!),<\/li><li>w przypadku pobytu w szpitalu za ka\u017cdy dzie\u0144 mo\u017cna otrzyma\u0107 nawet 200 PLN<\/li><li>dopasowana dok\u0142adnie do potrzeb Klienta, kt\u00f3ry samodzielnie decyduje o zakresie swojej ochrony<\/li><\/ul>\n\n\n\n<div class=\"wp-container-1 wp-block-group is-style-cnvs-block-shadow\"><div class=\"wp-block-group__inner-container\">\n<p class=\"has-medium-font-size\"><strong>O Vienna Life<\/strong><\/p>\n\n\n\n<p class=\"has-small-font-size\">Vienna Life TU na \u017bycie S.A Vienna Insurance Group to towarzystwo ubezpiecze\u0144 z ponad dwudziestoletni\u0105 histori\u0105 na polskim rynku oferuj\u0105ce kompleksow\u0105 ofert\u0119 u bezpiecze\u0144 na \u017cycie dla klient\u00f3w indywidualnych oraz firm. Sp\u00f3\u0142ka nale\u017cy do grupy Vienna Insurance Group (VIG), kt\u00f3ra jest wiod\u0105cym koncernem ubezpieczeniowym w Europie \u015arodkowo-Wschodniej.<\/p>\n\n\n<div class=\"wp-block-image\">\n<figure class=\"aligncenter size-full is-resized\"><img  loading=\"lazy\"  src=\"data:image\/png;base64,iVBORw0KGgoAAAANSUhEUgAAAAEAAAABAQMAAAAl21bKAAAAA1BMVEUAAP+KeNJXAAAAAXRSTlMAQObYZgAAAAlwSFlzAAAOxAAADsQBlSsOGwAAAApJREFUCNdjYAAAAAIAAeIhvDMAAAAASUVORK5CYII=\"  alt=\"\"  class=\"wp-image-3807 pk-lazyload\"  width=\"292\"  height=\"230\"  data-pk-sizes=\"auto\"  data-ls-sizes=\"(max-width: 292px) 100vw, 292px\"  data-pk-src=\"https:\/\/mapaagentow.pl\/blog\/wp-content\/uploads\/2023\/01\/image.png\"  data-pk-srcset=\"https:\/\/mapaagentow.pl\/blog\/wp-content\/uploads\/2023\/01\/image.png 797w, https:\/\/mapaagentow.pl\/blog\/wp-content\/uploads\/2023\/01\/image-300x237.png 300w, https:\/\/mapaagentow.pl\/blog\/wp-content\/uploads\/2023\/01\/image-768x607.png 768w, https:\/\/mapaagentow.pl\/blog\/wp-content\/uploads\/2023\/01\/image-380x300.png 380w, https:\/\/mapaagentow.pl\/blog\/wp-content\/uploads\/2023\/01\/image-550x435.png 550w, https:\/\/mapaagentow.pl\/blog\/wp-content\/uploads\/2023\/01\/image-760x601.png 760w, https:\/\/mapaagentow.pl\/blog\/wp-content\/uploads\/2023\/01\/image-600x474.png 600w\" ><\/figure><\/div>\n\n\n<p class=\"has-small-font-size\">Wychodz\u0105c na przeciw oczekiwaniom naszych Klient\u00f3w, zbudowali\u015bmy lini\u0119 ubezpiecze\u0144 ochronnych na \u017cycie i zdrowie pod szyldem \u201eKAPITALna\u201d. Nasze ubezpieczenia zosta\u0142y zbudowane w oparciu o trzy filary:<\/p>\n\n\n\n<ol class=\"is-style-cnvs-list-styled has-small-font-size\"><li>jako\u015b\u0107 &#8211; dostarczamy w pe\u0142ni etyczne, wysokie jako\u015bciowo rozwi\u0105zania,<\/li><li>bezpiecze\u0144stwo &#8211; obejmujemy maksymaln\u0105 ochron\u0105 \u017cycie i zdrowie Klienta oraz (w przypadku rozbudowania ochrony) Jego bliskich,<\/li><li>przejrzysto\u015b\u0107 &#8211; dzia\u0142amy transparentnie, dok\u0142adnie t\u0142umaczymy warunki umowy i odpowiadamy na w\u0105tpliwo\u015bci naszych Klient\u00f3w. \u201eKAPITALne\u201d ubezpieczenia s\u0105 nie tylko z nazwy. Wyr\u00f3\u017cniaj\u0105 si\u0119 szerokim zakresem ochrony oraz wysoko\u015bci\u0105 sk\u0142adki miesi\u0119cznej dostosowanej do aktualnej sytuacji \u017cyciowej Klienta.<\/li><\/ol>\n<\/div><\/div>\n\n\n\n<p style=\"font-size:9px\"><strong>Zastrze\u017cenia prawne \u2013 materia\u0142 o charakterze marketingowym i reklamowym. <\/strong><br>Niniejszy dokument (dalej jako \u201eOpracowanie\u201d lub \u201eMateria\u0142\u201d) ma charakter marketingowy i zosta\u0142 przygotowany przez Vienna Life Towarzystwo Ubezpiecze\u0144 na \u017bycie S.A. Vienna Insurance Group (dalej jako \u201eVienna Life\u201d). Materia\u0142 zosta\u0142 przygotowany na podstawie informacji public znie dost\u0119pnych i pochodz\u0105cych z legalnych \u017ar\u00f3de\u0142 uznanych przez Vienna Life za wiarygodne, jednak\u017ce Vienna Life nie gwarantuje i nie zapewnia o ich dok\u0142adno\u015bci, kompletno\u015bci i wiarygodno\u015bci. Niniejszy Materia\u0142 ma charakter wy\u0142\u0105cznie informacyjny i nie powinien stanowi\u0107 wy\u0142\u0105cznej podstawy do podj\u0119cia jakiejkolwiek decyzji o zawarciu umowy. Materia\u0142 nie stanowi oferty w rozumieniu przepis\u00f3w powszechnych. Opracowanie nie stanowi us\u0142ugi doradztwa prawnego lub podatkowego, dlatego Vienna Life zaleca przed podj\u0119ciem decyzji o \\ zawarciu umowy zasi\u0119gni\u0119cie porady, opinii lub konsultacji podmiotu \u015bwiadcz\u0105cego profesjonalne us\u0142ugi w omawianym zakresie. Wszystkie prezentowane opinie s\u0105 opiniami w\u0142asnymi Vienna Life. Opinie Vienna Life mog\u0105 si\u0119 zmienia\u0107 bez obowi\u0105zku ka\u017cdorazowego informowania o tym fakcie. Vienna Life rekomenduje zapoznanie si\u0119 ze szczeg\u00f3\u0142owymi zasadami zawarcia i wykonywania poszczeg\u00f3lnych um\u00f3w ubezpieczenia oferowanych przez Vienna Life okre\u015blonymi w odpowiednich Og\u00f3lnych Warunkach Ubezpieczenia oraz w innych dokumentach zwi\u0105zanych z umow\u0105 ubezpieczenia (dost\u0119pnych na stronie www.viennalife.pl, w siedzibie Vienna Life oraz jej jednostkach sprzeda\u017cowych), w tym z opisem ryzyk zwi\u0105zanych z inwestowaniem \u015brodk\u00f3w oraz wysoko\u015bci\u0105 koszt\u00f3w oraz op\u0142at pob ieranych przez Vienna Life.<\/p>\n\n\n\n<hr class=\"wp-block-separator has-alpha-channel-opacity\"\/>\n\n\n<div class=\"cnvs-block-author cnvs-block-author-1675174833013\" >\t\t<div class=\"widget-body\">\n\t\t\t<div class=\"pk-widget-author\">\n\t\t\t\t\n\t\t\t\t<div class=\"pk-widget-author-container\">\n\t\t\t\t\t\n\t\t\t\t\t\n\t\t\t\t\t<h5 id=\"vienna-life\" class=\"pk-author-title\">\n\t\t\t\t\t\t<a href=\"https:\/\/mapaagentow.pl\/blog\/author\/vienna\/\" rel=\"author\">\n\t\t\t\t\t\t\tVienna Life\t\t\t\t\t\t<\/a>\n\t\t\t\t\t<\/h5>\n\n\t\t\t\t\t\t\t\t\t\t\t<div class=\"pk-author-avatar\">\n\t\t\t\t\t\t\t<a href=\"https:\/\/mapaagentow.pl\/blog\/author\/vienna\/\" rel=\"author\">\n\t\t\t\t\t\t\t\t<img alt='' src='https:\/\/mapaagentow.pl\/blog\/wp-content\/uploads\/2022\/08\/Projekt-bez-tytulu-78-80x80.png' srcset='https:\/\/mapaagentow.pl\/blog\/wp-content\/uploads\/2022\/08\/Projekt-bez-tytulu-78-160x160.png 2x' class='avatar avatar-80 photo' height='80' width='80' loading='lazy'\/>\t\t\t\t\t\t\t<\/a>\n\t\t\t\t\t\t<\/div>\n\t\t\t\t\t\n\t\t\t\t\t<div class=\"pk-author-data\">\n\t\t\t\t\t\t\t\t<div class=\"pk-author-social-links pk-social-links-wrap pk-social-links-template-default\">\n\t\t\t<div class=\"pk-social-links-items\">\n\t\t\t\t\t\t\t\t<div class=\"pk-social-links-item pk-social-links-website\">\n\t\t\t\t\t<a href=\"https:\/\/viennalife.pl\/\" class=\"pk-social-links-link\" target=\"_blank\" rel=\"nofollow\">\n\t\t\t\t\t\t<i class=\"pk-icon pk-icon-website\"><\/i>\n\t\t\t\t\t\t\t\t\t\t\t<\/a>\n\t\t\t\t<\/div>\n\t\t\t\t\t\t\t\t<\/div>\n\t\t<\/div>\n\t\t\n\t\t\t\t\t\t\t\t\t\t\t<\/div>\n\t\t\t\t<\/div>\n\t\t\t<\/div>\n\t\t<\/div>\n\t<\/div>","protected":false},"excerpt":{"rendered":"KAPITALna OCHRONA+ to ubezpieczenie na \u017cycie z mo\u017cliwo\u015bci\u0105 rozbudowania go o dodatkow\u0105 ochron\u0119 \u017cycia i zdrowia. Ubezpieczenie dost\u0119pne&hellip;\n","protected":false},"author":10,"featured_media":3809,"comment_status":"closed","ping_status":"open","sticky":false,"template":"","format":"standard","meta":{"csco_singular_sidebar":"","csco_page_header_type":"","csco_appearance_grid":"","csco_page_load_nextpost":"","csco_post_video_location":[],"csco_post_video_location_hash":"","csco_post_video_url":"","csco_post_video_bg_start_time":0,"csco_post_video_bg_end_time":0},"categories":[12],"tags":[],"yoast_head":"<!-- This site is optimized with the Yoast SEO plugin v18.2 - https:\/\/yoast.com\/wordpress\/plugins\/seo\/ -->\n<title>Terminowe ubezpieczenie na \u017cycie z mo\u017cliwo\u015bci\u0105 zawarcia um\u00f3w dodatkowych &ndash; Mapa Agent\u00f3w - Blog<\/title>\n<meta name=\"description\" content=\"Dla jakich os\u00f3b jest ubezpieczenie KAPITALna OCHRONA+? Ubezpieczenie na \u017cycie. Jakie wybra\u0107? Poznaj zakres ochorny.\" \/>\n<meta name=\"robots\" content=\"index, follow, max-snippet:-1, max-image-preview:large, max-video-preview:-1\" \/>\n<link rel=\"canonical\" href=\"https:\/\/mapaagentow.pl\/blog\/aktualnosci-branzowe\/terminowe-ubezpieczenie-na-zycie-z-mozliwoscia-zawarcia-umow-dodatkowych\/\" \/>\n<meta property=\"og:locale\" content=\"pl_PL\" \/>\n<meta property=\"og:type\" content=\"article\" \/>\n<meta property=\"og:title\" content=\"Terminowe ubezpieczenie na \u017cycie z mo\u017cliwo\u015bci\u0105 zawarcia um\u00f3w dodatkowych &ndash; Mapa Agent\u00f3w - Blog\" \/>\n<meta property=\"og:description\" content=\"Dla jakich os\u00f3b jest ubezpieczenie KAPITALna OCHRONA+? Ubezpieczenie na \u017cycie. Jakie wybra\u0107? Poznaj zakres ochorny.\" \/>\n<meta property=\"og:url\" content=\"https:\/\/mapaagentow.pl\/blog\/aktualnosci-branzowe\/terminowe-ubezpieczenie-na-zycie-z-mozliwoscia-zawarcia-umow-dodatkowych\/\" \/>\n<meta property=\"og:site_name\" content=\"Mapa Agent\u00f3w - Blog\" \/>\n<meta property=\"article:publisher\" content=\"https:\/\/www.facebook.com\/Agent-Przysz%c5%82o%c5%9bci-326651642080305\" \/>\n<meta property=\"article:published_time\" content=\"2023-01-31T14:17:49+00:00\" \/>\n<meta property=\"article:modified_time\" content=\"2023-01-31T14:29:20+00:00\" \/>\n<meta property=\"og:image\" content=\"https:\/\/mapaagentow.pl\/blog\/wp-content\/uploads\/2023\/01\/grupa-kapitalna-ubezpieczenie-na-zycie-1.png\" \/>\n\t<meta property=\"og:image:width\" content=\"1771\" \/>\n\t<meta property=\"og:image:height\" content=\"764\" \/>\n\t<meta property=\"og:image:type\" content=\"image\/png\" \/>\n<meta name=\"twitter:card\" content=\"summary_large_image\" \/>\n<meta name=\"twitter:label1\" content=\"Napisane przez\" \/>\n\t<meta name=\"twitter:data1\" content=\"Vienna Life\" \/>\n\t<meta name=\"twitter:label2\" content=\"Szacowany czas czytania\" \/>\n\t<meta name=\"twitter:data2\" content=\"6 minut\" \/>\n<script type=\"application\/ld+json\" class=\"yoast-schema-graph\">{\"@context\":\"https:\/\/schema.org\",\"@graph\":[{\"@type\":\"WebSite\",\"@id\":\"https:\/\/mapaagentow.pl\/blog\/#website\",\"url\":\"https:\/\/mapaagentow.pl\/blog\/\",\"name\":\"Mapa Agent\u00f3w - Blog\",\"description\":\"Blog dla ka\u017cdego agenta ubezpieczeniowego\",\"potentialAction\":[{\"@type\":\"SearchAction\",\"target\":{\"@type\":\"EntryPoint\",\"urlTemplate\":\"https:\/\/mapaagentow.pl\/blog\/?s={search_term_string}\"},\"query-input\":\"required name=search_term_string\"}],\"inLanguage\":\"pl-PL\"},{\"@type\":\"ImageObject\",\"@id\":\"https:\/\/mapaagentow.pl\/blog\/aktualnosci-branzowe\/terminowe-ubezpieczenie-na-zycie-z-mozliwoscia-zawarcia-umow-dodatkowych\/#primaryimage\",\"inLanguage\":\"pl-PL\",\"url\":\"https:\/\/mapaagentow.pl\/blog\/wp-content\/uploads\/2023\/01\/grupa-kapitalna-ubezpieczenie-na-zycie-1.png\",\"contentUrl\":\"https:\/\/mapaagentow.pl\/blog\/wp-content\/uploads\/2023\/01\/grupa-kapitalna-ubezpieczenie-na-zycie-1.png\",\"width\":1771,\"height\":764},{\"@type\":\"WebPage\",\"@id\":\"https:\/\/mapaagentow.pl\/blog\/aktualnosci-branzowe\/terminowe-ubezpieczenie-na-zycie-z-mozliwoscia-zawarcia-umow-dodatkowych\/#webpage\",\"url\":\"https:\/\/mapaagentow.pl\/blog\/aktualnosci-branzowe\/terminowe-ubezpieczenie-na-zycie-z-mozliwoscia-zawarcia-umow-dodatkowych\/\",\"name\":\"Terminowe ubezpieczenie na \u017cycie z mo\u017cliwo\u015bci\u0105 zawarcia um\u00f3w dodatkowych &ndash; Mapa Agent\u00f3w - Blog\",\"isPartOf\":{\"@id\":\"https:\/\/mapaagentow.pl\/blog\/#website\"},\"primaryImageOfPage\":{\"@id\":\"https:\/\/mapaagentow.pl\/blog\/aktualnosci-branzowe\/terminowe-ubezpieczenie-na-zycie-z-mozliwoscia-zawarcia-umow-dodatkowych\/#primaryimage\"},\"datePublished\":\"2023-01-31T14:17:49+00:00\",\"dateModified\":\"2023-01-31T14:29:20+00:00\",\"author\":{\"@id\":\"https:\/\/mapaagentow.pl\/blog\/#\/schema\/person\/eadf966f6bb2232ab8a14ddbea7879df\"},\"description\":\"Dla jakich os\u00f3b jest ubezpieczenie KAPITALna OCHRONA+? Ubezpieczenie na \u017cycie. Jakie wybra\u0107? Poznaj zakres ochorny.\",\"breadcrumb\":{\"@id\":\"https:\/\/mapaagentow.pl\/blog\/aktualnosci-branzowe\/terminowe-ubezpieczenie-na-zycie-z-mozliwoscia-zawarcia-umow-dodatkowych\/#breadcrumb\"},\"inLanguage\":\"pl-PL\",\"potentialAction\":[{\"@type\":\"ReadAction\",\"target\":[\"https:\/\/mapaagentow.pl\/blog\/aktualnosci-branzowe\/terminowe-ubezpieczenie-na-zycie-z-mozliwoscia-zawarcia-umow-dodatkowych\/\"]}]},{\"@type\":\"BreadcrumbList\",\"@id\":\"https:\/\/mapaagentow.pl\/blog\/aktualnosci-branzowe\/terminowe-ubezpieczenie-na-zycie-z-mozliwoscia-zawarcia-umow-dodatkowych\/#breadcrumb\",\"itemListElement\":[{\"@type\":\"ListItem\",\"position\":1,\"name\":\"Blog\",\"item\":\"https:\/\/mapaagentow.pl\/blog\/\"},{\"@type\":\"ListItem\",\"position\":2,\"name\":\"Aktualno\u015bci bran\u017cowe\",\"item\":\"https:\/\/mapaagentow.pl\/blog\/.\/aktualnosci-branzowe\/\"},{\"@type\":\"ListItem\",\"position\":3,\"name\":\"Terminowe ubezpieczenie na \u017cycie z mo\u017cliwo\u015bci\u0105 zawarcia um\u00f3w dodatkowych\"}]},{\"@type\":\"Person\",\"@id\":\"https:\/\/mapaagentow.pl\/blog\/#\/schema\/person\/eadf966f6bb2232ab8a14ddbea7879df\",\"name\":\"Vienna Life\",\"image\":{\"@type\":\"ImageObject\",\"@id\":\"https:\/\/mapaagentow.pl\/blog\/#personlogo\",\"inLanguage\":\"pl-PL\",\"url\":\"https:\/\/mapaagentow.pl\/blog\/wp-content\/uploads\/2022\/08\/Projekt-bez-tytulu-78-96x96.png\",\"contentUrl\":\"https:\/\/mapaagentow.pl\/blog\/wp-content\/uploads\/2022\/08\/Projekt-bez-tytulu-78-96x96.png\",\"caption\":\"Vienna Life\"},\"sameAs\":[\"https:\/\/viennalife.pl\/\"],\"url\":\"https:\/\/mapaagentow.pl\/blog\/author\/vienna\/\"}]}<\/script>\n<!-- \/ Yoast SEO plugin. -->","yoast_head_json":{"title":"Terminowe ubezpieczenie na \u017cycie z mo\u017cliwo\u015bci\u0105 zawarcia um\u00f3w dodatkowych &ndash; Mapa Agent\u00f3w - Blog","description":"Dla jakich os\u00f3b jest ubezpieczenie KAPITALna OCHRONA+? Ubezpieczenie na \u017cycie. Jakie wybra\u0107? Poznaj zakres ochorny.","robots":{"index":"index","follow":"follow","max-snippet":"max-snippet:-1","max-image-preview":"max-image-preview:large","max-video-preview":"max-video-preview:-1"},"canonical":"https:\/\/mapaagentow.pl\/blog\/aktualnosci-branzowe\/terminowe-ubezpieczenie-na-zycie-z-mozliwoscia-zawarcia-umow-dodatkowych\/","og_locale":"pl_PL","og_type":"article","og_title":"Terminowe ubezpieczenie na \u017cycie z mo\u017cliwo\u015bci\u0105 zawarcia um\u00f3w dodatkowych &ndash; Mapa Agent\u00f3w - Blog","og_description":"Dla jakich os\u00f3b jest ubezpieczenie KAPITALna OCHRONA+? Ubezpieczenie na \u017cycie. Jakie wybra\u0107? Poznaj zakres ochorny.","og_url":"https:\/\/mapaagentow.pl\/blog\/aktualnosci-branzowe\/terminowe-ubezpieczenie-na-zycie-z-mozliwoscia-zawarcia-umow-dodatkowych\/","og_site_name":"Mapa Agent\u00f3w - Blog","article_publisher":"https:\/\/www.facebook.com\/Agent-Przysz%c5%82o%c5%9bci-326651642080305","article_published_time":"2023-01-31T14:17:49+00:00","article_modified_time":"2023-01-31T14:29:20+00:00","og_image":[{"width":1771,"height":764,"url":"https:\/\/mapaagentow.pl\/blog\/wp-content\/uploads\/2023\/01\/grupa-kapitalna-ubezpieczenie-na-zycie-1.png","type":"image\/png"}],"twitter_card":"summary_large_image","twitter_misc":{"Napisane przez":"Vienna Life","Szacowany czas czytania":"6 minut"},"schema":{"@context":"https:\/\/schema.org","@graph":[{"@type":"WebSite","@id":"https:\/\/mapaagentow.pl\/blog\/#website","url":"https:\/\/mapaagentow.pl\/blog\/","name":"Mapa Agent\u00f3w - Blog","description":"Blog dla ka\u017cdego agenta ubezpieczeniowego","potentialAction":[{"@type":"SearchAction","target":{"@type":"EntryPoint","urlTemplate":"https:\/\/mapaagentow.pl\/blog\/?s={search_term_string}"},"query-input":"required name=search_term_string"}],"inLanguage":"pl-PL"},{"@type":"ImageObject","@id":"https:\/\/mapaagentow.pl\/blog\/aktualnosci-branzowe\/terminowe-ubezpieczenie-na-zycie-z-mozliwoscia-zawarcia-umow-dodatkowych\/#primaryimage","inLanguage":"pl-PL","url":"https:\/\/mapaagentow.pl\/blog\/wp-content\/uploads\/2023\/01\/grupa-kapitalna-ubezpieczenie-na-zycie-1.png","contentUrl":"https:\/\/mapaagentow.pl\/blog\/wp-content\/uploads\/2023\/01\/grupa-kapitalna-ubezpieczenie-na-zycie-1.png","width":1771,"height":764},{"@type":"WebPage","@id":"https:\/\/mapaagentow.pl\/blog\/aktualnosci-branzowe\/terminowe-ubezpieczenie-na-zycie-z-mozliwoscia-zawarcia-umow-dodatkowych\/#webpage","url":"https:\/\/mapaagentow.pl\/blog\/aktualnosci-branzowe\/terminowe-ubezpieczenie-na-zycie-z-mozliwoscia-zawarcia-umow-dodatkowych\/","name":"Terminowe ubezpieczenie na \u017cycie z mo\u017cliwo\u015bci\u0105 zawarcia um\u00f3w dodatkowych &ndash; Mapa Agent\u00f3w - Blog","isPartOf":{"@id":"https:\/\/mapaagentow.pl\/blog\/#website"},"primaryImageOfPage":{"@id":"https:\/\/mapaagentow.pl\/blog\/aktualnosci-branzowe\/terminowe-ubezpieczenie-na-zycie-z-mozliwoscia-zawarcia-umow-dodatkowych\/#primaryimage"},"datePublished":"2023-01-31T14:17:49+00:00","dateModified":"2023-01-31T14:29:20+00:00","author":{"@id":"https:\/\/mapaagentow.pl\/blog\/#\/schema\/person\/eadf966f6bb2232ab8a14ddbea7879df"},"description":"Dla jakich os\u00f3b jest ubezpieczenie KAPITALna OCHRONA+? Ubezpieczenie na \u017cycie. Jakie wybra\u0107? Poznaj zakres ochorny.","breadcrumb":{"@id":"https:\/\/mapaagentow.pl\/blog\/aktualnosci-branzowe\/terminowe-ubezpieczenie-na-zycie-z-mozliwoscia-zawarcia-umow-dodatkowych\/#breadcrumb"},"inLanguage":"pl-PL","potentialAction":[{"@type":"ReadAction","target":["https:\/\/mapaagentow.pl\/blog\/aktualnosci-branzowe\/terminowe-ubezpieczenie-na-zycie-z-mozliwoscia-zawarcia-umow-dodatkowych\/"]}]},{"@type":"BreadcrumbList","@id":"https:\/\/mapaagentow.pl\/blog\/aktualnosci-branzowe\/terminowe-ubezpieczenie-na-zycie-z-mozliwoscia-zawarcia-umow-dodatkowych\/#breadcrumb","itemListElement":[{"@type":"ListItem","position":1,"name":"Blog","item":"https:\/\/mapaagentow.pl\/blog\/"},{"@type":"ListItem","position":2,"name":"Aktualno\u015bci bran\u017cowe","item":"https:\/\/mapaagentow.pl\/blog\/.\/aktualnosci-branzowe\/"},{"@type":"ListItem","position":3,"name":"Terminowe ubezpieczenie na \u017cycie z mo\u017cliwo\u015bci\u0105 zawarcia um\u00f3w dodatkowych"}]},{"@type":"Person","@id":"https:\/\/mapaagentow.pl\/blog\/#\/schema\/person\/eadf966f6bb2232ab8a14ddbea7879df","name":"Vienna Life","image":{"@type":"ImageObject","@id":"https:\/\/mapaagentow.pl\/blog\/#personlogo","inLanguage":"pl-PL","url":"https:\/\/mapaagentow.pl\/blog\/wp-content\/uploads\/2022\/08\/Projekt-bez-tytulu-78-96x96.png","contentUrl":"https:\/\/mapaagentow.pl\/blog\/wp-content\/uploads\/2022\/08\/Projekt-bez-tytulu-78-96x96.png","caption":"Vienna Life"},"sameAs":["https:\/\/viennalife.pl\/"],"url":"https:\/\/mapaagentow.pl\/blog\/author\/vienna\/"}]}},"_links":{"self":[{"href":"https:\/\/mapaagentow.pl\/blog\/wp-json\/wp\/v2\/posts\/3805"}],"collection":[{"href":"https:\/\/mapaagentow.pl\/blog\/wp-json\/wp\/v2\/posts"}],"about":[{"href":"https:\/\/mapaagentow.pl\/blog\/wp-json\/wp\/v2\/types\/post"}],"author":[{"embeddable":true,"href":"https:\/\/mapaagentow.pl\/blog\/wp-json\/wp\/v2\/users\/10"}],"replies":[{"embeddable":true,"href":"https:\/\/mapaagentow.pl\/blog\/wp-json\/wp\/v2\/comments?post=3805"}],"version-history":[{"count":7,"href":"https:\/\/mapaagentow.pl\/blog\/wp-json\/wp\/v2\/posts\/3805\/revisions"}],"predecessor-version":[{"id":3819,"href":"https:\/\/mapaagentow.pl\/blog\/wp-json\/wp\/v2\/posts\/3805\/revisions\/3819"}],"wp:featuredmedia":[{"embeddable":true,"href":"https:\/\/mapaagentow.pl\/blog\/wp-json\/wp\/v2\/media\/3809"}],"wp:attachment":[{"href":"https:\/\/mapaagentow.pl\/blog\/wp-json\/wp\/v2\/media?parent=3805"}],"wp:term":[{"taxonomy":"category","embeddable":true,"href":"https:\/\/mapaagentow.pl\/blog\/wp-json\/wp\/v2\/categories?post=3805"},{"taxonomy":"post_tag","embeddable":true,"href":"https:\/\/mapaagentow.pl\/blog\/wp-json\/wp\/v2\/tags?post=3805"}],"curies":[{"name":"wp","href":"https:\/\/api.w.org\/{rel}","templated":true}]}}