{"id":3833,"date":"2023-02-23T14:00:29","date_gmt":"2023-02-23T13:00:29","guid":{"rendered":"https:\/\/mapaagentow.pl\/blog\/?p=3833"},"modified":"2023-03-07T11:59:37","modified_gmt":"2023-03-07T10:59:37","slug":"ubezpieczenia-mam-we-krwi","status":"publish","type":"post","link":"https:\/\/mapaagentow.pl\/blog\/agenci\/ubezpieczenia-mam-we-krwi\/","title":{"rendered":"Ubezpieczenia mam we krwi"},"content":{"rendered":"\n<p class=\"is-style-cnvs-paragraph-callout\">Moja przygoda z ubezpieczeniami trwa ju\u017c od ponad 11 lat. Pierwsze uprawnienia otrzyma\u0142em zaraz po sko\u0144czeniu liceum. Doskonale pami\u0119tam jak ze zniecierpliwieniem czeka\u0142em, a\u017c KNF da mi zielone \u015bwiat\u0142o do dzia\u0142ania w ramach OFE. Z wielkim zapa\u0142em rozpocz\u0105\u0142em w\u00f3wczas swoj\u0105 pierwsz\u0105 prac\u0119. Z czasem zacz\u0105\u0142em tak\u017ce zajmowa\u0107 si\u0119 innymi ubezpieczeniami mi\u0119dzy innymi na \u017cycie. Potem przyszed\u0142 czas tak\u017ce na maj\u0105tki. Stale poszerza\u0142em i nadal poszerzam swoj\u0105 wiedz\u0119 i kompetencje. Tego te\u017c oczekiwali ode mnie klienci \u2013 kompleksowej opieki.<\/p>\n\n\n\n<div class=\"cnvs-block-toc cnvs-block-toc-1677155644187\" >\n    <\/div>\n\n\n\n<h1 id=\"droga-do-kariery-agenta-ubezpieczeniowego\">Droga do kariery agenta ubezpieczeniowego<\/h1>\n\n\n\n<p>Jak chyba ka\u017cdy z nas mia\u0142em swoje wzloty i upadki, momenty ogromnej satysfakcji, ale i du\u017ce zw\u0105tpienia. Poszukiwa\u0142em r\u00f3\u017cnych dr\u00f3g rozwoju i wyboru zawodu. W ostateczno\u015bci jednak jestem szcz\u0119\u015bliwy z wyboru w\u0142a\u015bnie tej \u015bcie\u017cki zawodowej. Zawsze chcia\u0142em mie\u0107 prac\u0119, kt\u00f3r\u0105 wykonywa\u0142bym z przyjemno\u015bci\u0105. Ciesz\u0119 si\u0119, \u017ce dzi\u015b mog\u0119 tak w\u0142a\u015bnie powiedzie\u0107: \u201eBardzo lubi\u0119 to, co robi\u0119\u201d. Mam satysfakcje z tego, \u017ce jestem profesjonalist\u0105 w tym co robi\u0119 i doceniaj\u0105 to nie tylko moi klienci.<\/p>\n\n\n\n<h1 id=\"rozpoznanie-potrzeb-klienta\">Rozpoznanie potrzeb klienta<\/h1>\n\n\n\n<p>Czuj\u0119 si\u0119 bardzo doceniany przez moich klient\u00f3w, a dzi\u0119ki szerokiemu wachlarzowi produkt\u00f3w z r\u00f3\u017cnych TU wiem, \u017ce proponuj\u0119 produkty skrojone na miar\u0119 potrzeb i oczekiwa\u0144 ka\u017cdego z nich. Dla mnie rozpoznanie ich potrzeb to nie obowi\u0105zek, bo od samego pocz\u0105tku zawsze bazowa\u0142em w\u0142a\u015bnie na dobrym dopasowaniu do preferencji klienta i w oparciu o nie proponowaniu kolejnych ubezpiecze\u0144. Cz\u0119sto nie od razu przy pierwszym ubezpieczeniu OC samochodu, a p\u00f3\u017aniej przy kolejnych rozmowach, cz\u0119sto wywo\u0142anych przeze mnie spotkaniach.<\/p>\n\n\n\n<h1 id=\"ubezpieczenia-z-pokolenia-na-pokolenie\">Ubezpieczenia z pokolenia na pokolenie<\/h1>\n\n\n<div class=\"wp-block-image\">\n<figure class=\"alignleft size-large is-resized\"><img  loading=\"lazy\"  src=\"data:image\/png;base64,iVBORw0KGgoAAAANSUhEUgAAAAEAAAABAQMAAAAl21bKAAAAA1BMVEUAAP+KeNJXAAAAAXRSTlMAQObYZgAAAAlwSFlzAAAOxAAADsQBlSsOGwAAAApJREFUCNdjYAAAAAIAAeIhvDMAAAAASUVORK5CYII=\"  alt=\"\"  class=\"wp-image-3846 pk-lazyload\"  width=\"212\"  height=\"215\"  data-pk-sizes=\"auto\"  data-ls-sizes=\"(max-width: 212px) 100vw, 212px\"  data-pk-src=\"https:\/\/mapaagentow.pl\/blog\/wp-content\/uploads\/2023\/02\/Michal-1-e1677156736962-edited.png\"  data-pk-srcset=\"https:\/\/mapaagentow.pl\/blog\/wp-content\/uploads\/2023\/02\/Michal-1-e1677156736962-edited.png 668w, https:\/\/mapaagentow.pl\/blog\/wp-content\/uploads\/2023\/02\/Michal-1-e1677156736962-edited-295x300.png 295w, https:\/\/mapaagentow.pl\/blog\/wp-content\/uploads\/2023\/02\/Michal-1-e1677156736962-edited-80x80.png 80w, https:\/\/mapaagentow.pl\/blog\/wp-content\/uploads\/2023\/02\/Michal-1-e1677156736962-edited-380x386.png 380w, https:\/\/mapaagentow.pl\/blog\/wp-content\/uploads\/2023\/02\/Michal-1-e1677156736962-edited-550x559.png 550w, https:\/\/mapaagentow.pl\/blog\/wp-content\/uploads\/2023\/02\/Michal-1-e1677156736962-edited-590x600.png 590w\" ><\/figure><\/div>\n\n\n<p>Musz\u0119 podkre\u015bli\u0107 jak wiele zawdzi\u0119czam mojej mamie. Zawsze mocno mnie dopingowa\u0142a i co najwa\u017cniejsze, wspiera\u0142a i nadal wspiera swoj\u0105 wiedz\u0105 i ponad 20 letnim do\u015bwiadczeniem w bran\u017cy ubezpieczeniowej. Mo\u017cna powiedzie\u0107, \u017ce dzia\u0142amy pod jednym szyldem, a nasze biuro ma w tym momencie \u0142\u0105cznie ponad 30 lat tradycji. Dzielimy si\u0119 nawzajem swoimi spostrze\u017ceniami i podej\u015bciem do stale zmieniaj\u0105cych si\u0119 potrzeb naszych klient\u00f3w, a tak\u017ce do zmiennej sytuacji spo\u0142ecznej i otoczenia prawnego.<\/p>\n\n\n\n<p><\/p>\n\n\n\n<p><\/p>\n\n\n\n<h1 id=\"alwis-multiagencja-ktora-daje-duze-wsparcie\">Alwis &#8211; multiagencja, kt\u00f3ra daje du\u017ce wsparcie<\/h1>\n\n\n\n<p><br>Z przyjemno\u015bci\u0105 dzi\u0119kuj\u0119 r\u00f3wnie\u017c pracownikom <a href=\"https:\/\/alwis.pl\/\" target=\"_blank\" rel=\"noreferrer noopener nofollow\">Alwisa<\/a>, a zw\u0142aszcza Madzi Prusak oraz Monice D\u0142ugosz. Czasem s\u0105 dos\u0142ownie zasypywane telefonami i mailami ode mnie, ale z niezmienn\u0105 sumienno\u015bci\u0105 i cierpliwo\u015bci\u0105 s\u0142u\u017c\u0105 mi rad\u0105 i wsparciem \u2013 s\u0105 w stanie zdzia\u0142a\u0107 cuda! Musz\u0119 z satysfakcj\u0105 powiedzie\u0107, \u017ce firm\u0119 <a href=\"https:\/\/alwis.pl\/\" target=\"_blank\" rel=\"noreferrer noopener\">Alwis&amp;Secura<\/a> znam od zawsze, bo ju\u017c jako niespe\u0142na kilkunastoletni ch\u0142opiec cz\u0119sto je\u017adzi\u0142em z moj\u0105 mam\u0105 Ma\u0142gorzat\u0105 Repetowsk\u0105 do biura oddzia\u0142u <a href=\"https:\/\/alwis.pl\/\" target=\"_blank\" rel=\"noreferrer noopener nofollow\">Alwisa<\/a> w Nowym S\u0105czu. Poniewa\u017c moja mama wsp\u00f3\u0142pracowa\u0142a z <a href=\"https:\/\/alwis.pl\/\" target=\"_blank\" rel=\"noreferrer noopener nofollow\">Alwisem<\/a> chyba od samego pocz\u0105tku, czyli ok 20 lat. Pozna\u0142em w\u00f3wczas wielu ludzi, kt\u00f3rzy po dzi\u015b dzie\u0144 pracuj\u0105 w s\u0105deckim oddziale (niekt\u00f3rzy nadal m\u00f3wi\u0105 do mnie Misiu \u2013 jak za dawnych lat). Widzia\u0142em jak firma ta si\u0119 rozrasta, jaki potencja\u0142 drzemie w ubezpieczeniach. Zacz\u0105\u0142em dostrzega\u0107 to jak wa\u017cne s\u0105 ubezpieczenia i postanowi\u0142em przekona\u0107 o tym innych.<\/p>\n\n\n\n<h1 id=\"cos-dla-duszy-cos-dla-ciala\">Co\u015b dla duszy, co\u015b dla cia\u0142a<\/h1>\n\n\n\n<p><br>Na co dzie\u0144 prowadz\u0119 bardzo aktywny tryb \u017cycia. Od ponad 7 lat trenuj\u0119 tzw. Street workout, czyli trening si\u0142owy z wykorzystaniem infrastruktury miejskiej oraz wykorzystaniem w\u0142asnej masy cia\u0142a. To taka \u201esi\u0142owa zabawa dla du\u017cych dzieci\u201d, ale bardzo wymagaj\u0105ca i relaksuj\u0105ca, co po pracy jest niezb\u0119dne. Du\u017c\u0105 rado\u015b\u0107 sprawia mi r\u00f3wnie\u017c jazda na rolkach oraz zimowe aktywno\u015bci: narty, morsowanie, wyprawy piesze w k\u0105piel\u00f3wkach oraz moje tegoroczne odkrycie \u2013 skitury, czyli turystyka narciarska.<\/p>\n\n\n\n<p><br>Moimi pasjami dziel\u0119 si\u0119 z moj\u0105 \u017con\u0105 Gosi\u0105 oraz dwuletnim synem Brunem. Wierz\u0119, \u017ce w \u017cyciu chodzi w\u0142a\u015bnie o to \u2013 \u017ceby robi\u0107 to co si\u0119 kocha, z tymi kt\u00f3rych si\u0119 kocha! Lubi\u0119 odkrywa\u0107 \u015bwiat i poznawa\u0107 siebie, a gdy staj\u0119 przed wyborem, czy spr\u00f3bowa\u0107 czego\u015b nowego, zadaj\u0119 sobie moje ulubione pytanie: \u201eKiedy ostatni raz robi\u0142e\u015b co\u015b po raz pierwszy?\u201d Zgadnijcie sami jaka pada w\u00f3wczas odpowied\u017a. Do dzie\u0142a!<\/p>\n\n\n\n<p><br>Musz\u0119 jeszcze wspomnie\u0107, \u017ce mam gdzie skiturowa\u0107. Sprzyjaj\u0105 temu pi\u0119kne stoki G\u00f3r Leluchowskich i Lubowelskich. Bo mieszkam w pi\u0119knej Muszynie, mie\u015bcie zdroj\u00f3w, w\u00f3d mineralnych i wspania\u0142ej przyrody. Bardzo gospodarnym mie\u015bcie, historycznym, bo istniej\u0105cym od trzynastego wieku i po\u0142o\u017conym na handlowym trakcie \u201eszlaku w\u0119gierskim\u201d. To wspania\u0142a baza wypadowa na ca\u0142\u0105 dolin\u0119 Popradu, w pi\u0119kne okolice Beskidu S\u0105deckiego np. istniej\u0105c\u0105 od 1876 roku kolej\u0105 tarnowsko-leluchowsk\u0105. Serdecznie zapraszam wszystkich do naszej pi\u0119knej Muszyny.<\/p>\n\n\n\n<hr class=\"wp-block-separator has-alpha-channel-opacity\"\/>\n\n\n<div class=\"cnvs-block-author cnvs-block-author-1677156159805\" >\t\t<div class=\"widget-body\">\n\t\t\t<div class=\"pk-widget-author\">\n\t\t\t\t\n\t\t\t\t<div class=\"pk-widget-author-container\">\n\t\t\t\t\t\n\t\t\t\t\t\n\t\t\t\t\t<h5 id=\"michal-repetowski-doradca-ubezpieczeniowy\" class=\"pk-author-title\">\n\t\t\t\t\t\t<a href=\"https:\/\/mapaagentow.pl\/blog\/author\/michal-repetowski\/\" rel=\"author\">\n\t\t\t\t\t\t\tMicha\u0142 Repetowski, Doradca Ubezpieczeniowy\t\t\t\t\t\t<\/a>\n\t\t\t\t\t<\/h5>\n\n\t\t\t\t\t\t\t\t\t\t\t<div class=\"pk-author-avatar\">\n\t\t\t\t\t\t\t<a href=\"https:\/\/mapaagentow.pl\/blog\/author\/michal-repetowski\/\" rel=\"author\">\n\t\t\t\t\t\t\t\t<img alt='' src='https:\/\/mapaagentow.pl\/blog\/wp-content\/uploads\/2023\/02\/Michal-Repetowski-80x80.png' srcset='https:\/\/mapaagentow.pl\/blog\/wp-content\/uploads\/2023\/02\/Michal-Repetowski-160x160.png 2x' class='avatar avatar-80 photo' height='80' width='80' loading='lazy'\/>\t\t\t\t\t\t\t<\/a>\n\t\t\t\t\t\t<\/div>\n\t\t\t\t\t\n\t\t\t\t\t<div class=\"pk-author-data\">\n\t\t\t\t\t\t\t\t<div class=\"pk-author-social-links pk-social-links-wrap pk-social-links-template-default\">\n\t\t\t<div class=\"pk-social-links-items\">\n\t\t\t\t\t\t\t\t<div class=\"pk-social-links-item pk-social-links-website\">\n\t\t\t\t\t<a href=\"https:\/\/www.facebook.com\/UbezpieczeniaMuszyna\" class=\"pk-social-links-link\" target=\"_blank\" rel=\"nofollow\">\n\t\t\t\t\t\t<i class=\"pk-icon pk-icon-website\"><\/i>\n\t\t\t\t\t\t\t\t\t\t\t<\/a>\n\t\t\t\t<\/div>\n\t\t\t\t\t\t\t\t<\/div>\n\t\t<\/div>\n\t\t\n\t\t\t\t\t\t\t\t\t\t\t<\/div>\n\t\t\t\t<\/div>\n\t\t\t<\/div>\n\t\t<\/div>\n\t<\/div>","protected":false},"excerpt":{"rendered":"Moja przygoda z ubezpieczeniami trwa ju\u017c od ponad 11 lat. Pierwsze uprawnienia otrzyma\u0142em zaraz po sko\u0144czeniu liceum. Doskonale&hellip;\n","protected":false},"author":31,"featured_media":3840,"comment_status":"closed","ping_status":"open","sticky":false,"template":"","format":"standard","meta":{"csco_singular_sidebar":"","csco_page_header_type":"","csco_appearance_grid":"","csco_page_load_nextpost":"","csco_post_video_location":[],"csco_post_video_location_hash":"","csco_post_video_url":"","csco_post_video_bg_start_time":0,"csco_post_video_bg_end_time":0},"categories":[128],"tags":[],"yoast_head":"<!-- This site is optimized with the Yoast SEO plugin v18.2 - https:\/\/yoast.com\/wordpress\/plugins\/seo\/ -->\n<title>Ubezpieczenia mam we krwi &ndash; Mapa Agent\u00f3w - Blog<\/title>\n<meta name=\"description\" content=\"Dla mnie rozpoznanie ich potrzeb to nie obowi\u0105zek, bo od samego pocz\u0105tku zawsze bazowa\u0142em w\u0142a\u015bnie na dobrym dopasowaniu do preferencji klienta.\" \/>\n<meta name=\"robots\" content=\"index, follow, max-snippet:-1, max-image-preview:large, max-video-preview:-1\" \/>\n<link rel=\"canonical\" href=\"https:\/\/mapaagentow.pl\/blog\/agenci\/ubezpieczenia-mam-we-krwi\/\" \/>\n<meta property=\"og:locale\" content=\"pl_PL\" \/>\n<meta property=\"og:type\" content=\"article\" \/>\n<meta property=\"og:title\" content=\"Ubezpieczenia mam we krwi &ndash; Mapa Agent\u00f3w - Blog\" \/>\n<meta property=\"og:description\" content=\"Dla mnie rozpoznanie ich potrzeb to nie obowi\u0105zek, bo od samego pocz\u0105tku zawsze bazowa\u0142em w\u0142a\u015bnie na dobrym dopasowaniu do preferencji klienta.\" \/>\n<meta property=\"og:url\" content=\"https:\/\/mapaagentow.pl\/blog\/agenci\/ubezpieczenia-mam-we-krwi\/\" \/>\n<meta property=\"og:site_name\" content=\"Mapa Agent\u00f3w - Blog\" \/>\n<meta property=\"article:publisher\" content=\"https:\/\/www.facebook.com\/Agent-Przysz%c5%82o%c5%9bci-326651642080305\" \/>\n<meta property=\"article:published_time\" content=\"2023-02-23T13:00:29+00:00\" \/>\n<meta property=\"article:modified_time\" content=\"2023-03-07T10:59:37+00:00\" \/>\n<meta property=\"og:image\" content=\"https:\/\/mapaagentow.pl\/blog\/wp-content\/uploads\/2023\/02\/Michal-Repetowski-1-e1677157141886.png\" \/>\n\t<meta property=\"og:image:width\" content=\"778\" \/>\n\t<meta property=\"og:image:height\" content=\"477\" \/>\n\t<meta property=\"og:image:type\" content=\"image\/png\" \/>\n<meta name=\"twitter:card\" content=\"summary_large_image\" \/>\n<meta name=\"twitter:label1\" content=\"Napisane przez\" \/>\n\t<meta name=\"twitter:data1\" content=\"Micha\u0142 Repetowski, Doradca Ubezpieczeniowy\" \/>\n\t<meta name=\"twitter:label2\" content=\"Szacowany czas czytania\" \/>\n\t<meta name=\"twitter:data2\" content=\"5 minut\" \/>\n<script type=\"application\/ld+json\" class=\"yoast-schema-graph\">{\"@context\":\"https:\/\/schema.org\",\"@graph\":[{\"@type\":\"WebSite\",\"@id\":\"https:\/\/mapaagentow.pl\/blog\/#website\",\"url\":\"https:\/\/mapaagentow.pl\/blog\/\",\"name\":\"Mapa Agent\u00f3w - Blog\",\"description\":\"Blog dla ka\u017cdego agenta ubezpieczeniowego\",\"potentialAction\":[{\"@type\":\"SearchAction\",\"target\":{\"@type\":\"EntryPoint\",\"urlTemplate\":\"https:\/\/mapaagentow.pl\/blog\/?s={search_term_string}\"},\"query-input\":\"required name=search_term_string\"}],\"inLanguage\":\"pl-PL\"},{\"@type\":\"ImageObject\",\"@id\":\"https:\/\/mapaagentow.pl\/blog\/agenci\/ubezpieczenia-mam-we-krwi\/#primaryimage\",\"inLanguage\":\"pl-PL\",\"url\":\"https:\/\/mapaagentow.pl\/blog\/wp-content\/uploads\/2023\/02\/Michal-Repetowski-1-e1677157141886.png\",\"contentUrl\":\"https:\/\/mapaagentow.pl\/blog\/wp-content\/uploads\/2023\/02\/Michal-Repetowski-1-e1677157141886.png\",\"width\":778,\"height\":477},{\"@type\":\"WebPage\",\"@id\":\"https:\/\/mapaagentow.pl\/blog\/agenci\/ubezpieczenia-mam-we-krwi\/#webpage\",\"url\":\"https:\/\/mapaagentow.pl\/blog\/agenci\/ubezpieczenia-mam-we-krwi\/\",\"name\":\"Ubezpieczenia mam we krwi &ndash; Mapa Agent\u00f3w - Blog\",\"isPartOf\":{\"@id\":\"https:\/\/mapaagentow.pl\/blog\/#website\"},\"primaryImageOfPage\":{\"@id\":\"https:\/\/mapaagentow.pl\/blog\/agenci\/ubezpieczenia-mam-we-krwi\/#primaryimage\"},\"datePublished\":\"2023-02-23T13:00:29+00:00\",\"dateModified\":\"2023-03-07T10:59:37+00:00\",\"author\":{\"@id\":\"https:\/\/mapaagentow.pl\/blog\/#\/schema\/person\/0b0a1c9df1478cdddaa2d998362ae58d\"},\"description\":\"Dla mnie rozpoznanie ich potrzeb to nie obowi\u0105zek, bo od samego pocz\u0105tku zawsze bazowa\u0142em w\u0142a\u015bnie na dobrym dopasowaniu do preferencji klienta.\",\"breadcrumb\":{\"@id\":\"https:\/\/mapaagentow.pl\/blog\/agenci\/ubezpieczenia-mam-we-krwi\/#breadcrumb\"},\"inLanguage\":\"pl-PL\",\"potentialAction\":[{\"@type\":\"ReadAction\",\"target\":[\"https:\/\/mapaagentow.pl\/blog\/agenci\/ubezpieczenia-mam-we-krwi\/\"]}]},{\"@type\":\"BreadcrumbList\",\"@id\":\"https:\/\/mapaagentow.pl\/blog\/agenci\/ubezpieczenia-mam-we-krwi\/#breadcrumb\",\"itemListElement\":[{\"@type\":\"ListItem\",\"position\":1,\"name\":\"Blog\",\"item\":\"https:\/\/mapaagentow.pl\/blog\/\"},{\"@type\":\"ListItem\",\"position\":2,\"name\":\"Agenci\",\"item\":\"https:\/\/mapaagentow.pl\/blog\/.\/agenci\/\"},{\"@type\":\"ListItem\",\"position\":3,\"name\":\"Ubezpieczenia mam we krwi\"}]},{\"@type\":\"Person\",\"@id\":\"https:\/\/mapaagentow.pl\/blog\/#\/schema\/person\/0b0a1c9df1478cdddaa2d998362ae58d\",\"name\":\"Micha\u0142 Repetowski, Doradca Ubezpieczeniowy\",\"image\":{\"@type\":\"ImageObject\",\"@id\":\"https:\/\/mapaagentow.pl\/blog\/#personlogo\",\"inLanguage\":\"pl-PL\",\"url\":\"https:\/\/mapaagentow.pl\/blog\/wp-content\/uploads\/2023\/02\/Michal-Repetowski-96x96.png\",\"contentUrl\":\"https:\/\/mapaagentow.pl\/blog\/wp-content\/uploads\/2023\/02\/Michal-Repetowski-96x96.png\",\"caption\":\"Micha\u0142 Repetowski, Doradca Ubezpieczeniowy\"},\"sameAs\":[\"https:\/\/www.facebook.com\/UbezpieczeniaMuszyna\"],\"url\":\"https:\/\/mapaagentow.pl\/blog\/author\/michal-repetowski\/\"}]}<\/script>\n<!-- \/ Yoast SEO plugin. -->","yoast_head_json":{"title":"Ubezpieczenia mam we krwi &ndash; Mapa Agent\u00f3w - Blog","description":"Dla mnie rozpoznanie ich potrzeb to nie obowi\u0105zek, bo od samego pocz\u0105tku zawsze bazowa\u0142em w\u0142a\u015bnie na dobrym dopasowaniu do preferencji klienta.","robots":{"index":"index","follow":"follow","max-snippet":"max-snippet:-1","max-image-preview":"max-image-preview:large","max-video-preview":"max-video-preview:-1"},"canonical":"https:\/\/mapaagentow.pl\/blog\/agenci\/ubezpieczenia-mam-we-krwi\/","og_locale":"pl_PL","og_type":"article","og_title":"Ubezpieczenia mam we krwi &ndash; Mapa Agent\u00f3w - Blog","og_description":"Dla mnie rozpoznanie ich potrzeb to nie obowi\u0105zek, bo od samego pocz\u0105tku zawsze bazowa\u0142em w\u0142a\u015bnie na dobrym dopasowaniu do preferencji klienta.","og_url":"https:\/\/mapaagentow.pl\/blog\/agenci\/ubezpieczenia-mam-we-krwi\/","og_site_name":"Mapa Agent\u00f3w - Blog","article_publisher":"https:\/\/www.facebook.com\/Agent-Przysz%c5%82o%c5%9bci-326651642080305","article_published_time":"2023-02-23T13:00:29+00:00","article_modified_time":"2023-03-07T10:59:37+00:00","og_image":[{"width":778,"height":477,"url":"https:\/\/mapaagentow.pl\/blog\/wp-content\/uploads\/2023\/02\/Michal-Repetowski-1-e1677157141886.png","type":"image\/png"}],"twitter_card":"summary_large_image","twitter_misc":{"Napisane przez":"Micha\u0142 Repetowski, Doradca Ubezpieczeniowy","Szacowany czas czytania":"5 minut"},"schema":{"@context":"https:\/\/schema.org","@graph":[{"@type":"WebSite","@id":"https:\/\/mapaagentow.pl\/blog\/#website","url":"https:\/\/mapaagentow.pl\/blog\/","name":"Mapa Agent\u00f3w - Blog","description":"Blog dla ka\u017cdego agenta ubezpieczeniowego","potentialAction":[{"@type":"SearchAction","target":{"@type":"EntryPoint","urlTemplate":"https:\/\/mapaagentow.pl\/blog\/?s={search_term_string}"},"query-input":"required name=search_term_string"}],"inLanguage":"pl-PL"},{"@type":"ImageObject","@id":"https:\/\/mapaagentow.pl\/blog\/agenci\/ubezpieczenia-mam-we-krwi\/#primaryimage","inLanguage":"pl-PL","url":"https:\/\/mapaagentow.pl\/blog\/wp-content\/uploads\/2023\/02\/Michal-Repetowski-1-e1677157141886.png","contentUrl":"https:\/\/mapaagentow.pl\/blog\/wp-content\/uploads\/2023\/02\/Michal-Repetowski-1-e1677157141886.png","width":778,"height":477},{"@type":"WebPage","@id":"https:\/\/mapaagentow.pl\/blog\/agenci\/ubezpieczenia-mam-we-krwi\/#webpage","url":"https:\/\/mapaagentow.pl\/blog\/agenci\/ubezpieczenia-mam-we-krwi\/","name":"Ubezpieczenia mam we krwi &ndash; Mapa Agent\u00f3w - Blog","isPartOf":{"@id":"https:\/\/mapaagentow.pl\/blog\/#website"},"primaryImageOfPage":{"@id":"https:\/\/mapaagentow.pl\/blog\/agenci\/ubezpieczenia-mam-we-krwi\/#primaryimage"},"datePublished":"2023-02-23T13:00:29+00:00","dateModified":"2023-03-07T10:59:37+00:00","author":{"@id":"https:\/\/mapaagentow.pl\/blog\/#\/schema\/person\/0b0a1c9df1478cdddaa2d998362ae58d"},"description":"Dla mnie rozpoznanie ich potrzeb to nie obowi\u0105zek, bo od samego pocz\u0105tku zawsze bazowa\u0142em w\u0142a\u015bnie na dobrym dopasowaniu do preferencji klienta.","breadcrumb":{"@id":"https:\/\/mapaagentow.pl\/blog\/agenci\/ubezpieczenia-mam-we-krwi\/#breadcrumb"},"inLanguage":"pl-PL","potentialAction":[{"@type":"ReadAction","target":["https:\/\/mapaagentow.pl\/blog\/agenci\/ubezpieczenia-mam-we-krwi\/"]}]},{"@type":"BreadcrumbList","@id":"https:\/\/mapaagentow.pl\/blog\/agenci\/ubezpieczenia-mam-we-krwi\/#breadcrumb","itemListElement":[{"@type":"ListItem","position":1,"name":"Blog","item":"https:\/\/mapaagentow.pl\/blog\/"},{"@type":"ListItem","position":2,"name":"Agenci","item":"https:\/\/mapaagentow.pl\/blog\/.\/agenci\/"},{"@type":"ListItem","position":3,"name":"Ubezpieczenia mam we krwi"}]},{"@type":"Person","@id":"https:\/\/mapaagentow.pl\/blog\/#\/schema\/person\/0b0a1c9df1478cdddaa2d998362ae58d","name":"Micha\u0142 Repetowski, Doradca Ubezpieczeniowy","image":{"@type":"ImageObject","@id":"https:\/\/mapaagentow.pl\/blog\/#personlogo","inLanguage":"pl-PL","url":"https:\/\/mapaagentow.pl\/blog\/wp-content\/uploads\/2023\/02\/Michal-Repetowski-96x96.png","contentUrl":"https:\/\/mapaagentow.pl\/blog\/wp-content\/uploads\/2023\/02\/Michal-Repetowski-96x96.png","caption":"Micha\u0142 Repetowski, Doradca Ubezpieczeniowy"},"sameAs":["https:\/\/www.facebook.com\/UbezpieczeniaMuszyna"],"url":"https:\/\/mapaagentow.pl\/blog\/author\/michal-repetowski\/"}]}},"_links":{"self":[{"href":"https:\/\/mapaagentow.pl\/blog\/wp-json\/wp\/v2\/posts\/3833"}],"collection":[{"href":"https:\/\/mapaagentow.pl\/blog\/wp-json\/wp\/v2\/posts"}],"about":[{"href":"https:\/\/mapaagentow.pl\/blog\/wp-json\/wp\/v2\/types\/post"}],"author":[{"embeddable":true,"href":"https:\/\/mapaagentow.pl\/blog\/wp-json\/wp\/v2\/users\/31"}],"replies":[{"embeddable":true,"href":"https:\/\/mapaagentow.pl\/blog\/wp-json\/wp\/v2\/comments?post=3833"}],"version-history":[{"count":4,"href":"https:\/\/mapaagentow.pl\/blog\/wp-json\/wp\/v2\/posts\/3833\/revisions"}],"predecessor-version":[{"id":3865,"href":"https:\/\/mapaagentow.pl\/blog\/wp-json\/wp\/v2\/posts\/3833\/revisions\/3865"}],"wp:featuredmedia":[{"embeddable":true,"href":"https:\/\/mapaagentow.pl\/blog\/wp-json\/wp\/v2\/media\/3840"}],"wp:attachment":[{"href":"https:\/\/mapaagentow.pl\/blog\/wp-json\/wp\/v2\/media?parent=3833"}],"wp:term":[{"taxonomy":"category","embeddable":true,"href":"https:\/\/mapaagentow.pl\/blog\/wp-json\/wp\/v2\/categories?post=3833"},{"taxonomy":"post_tag","embeddable":true,"href":"https:\/\/mapaagentow.pl\/blog\/wp-json\/wp\/v2\/tags?post=3833"}],"curies":[{"name":"wp","href":"https:\/\/api.w.org\/{rel}","templated":true}]}}