{"id":4134,"date":"2024-05-08T12:01:30","date_gmt":"2024-05-08T10:01:30","guid":{"rendered":"https:\/\/mapaagentow.pl\/blog\/?p=4134"},"modified":"2024-05-08T12:09:53","modified_gmt":"2024-05-08T10:09:53","slug":"pracownicza-odprawa-posmiertna","status":"publish","type":"post","link":"https:\/\/mapaagentow.pl\/blog\/aktualnosci-branzowe\/pracownicza-odprawa-posmiertna\/","title":{"rendered":"Czy pracownicza odprawa po\u015bmiertna podlega ubezpieczeniu?"},"content":{"rendered":"\n<p>Agent kieruje do mnie pytanie. &#8220;M\u00f3j klient, kt\u00f3rego ubezpieczam od kilku lat prowadzi zak\u0142ad w bran\u017cy spo\u017cywczej i zatrudnia kilkunastu pracownik\u00f3w. Teraz &#8211; po moich kilku rozmowach postanowi\u0142 ubezpieczy\u0107 swoich pracownik\u00f3w w popularnej &#8220;grup\u00f3wce&#8221; czyli grupowym ubezpieczeniu na \u017cycie lub grupowym ubezpieczeniem od nast\u0119pstw nieszcz\u0119\u015bliwych wypadk\u00f3w (NNW). Ale postawi\u0142 warunek. Ubezpieczenie musi obejmowa\u0107 odpraw\u0119 po\u015bmiertn\u0105, t\u0105 wynikaj\u0105c\u0105 z Kodeksu pracy. Ksi\u0119gowa poinformowa\u0142a go, \u017ce ubezpieczenie NNW tego nie obejmuje bo liczy si\u0119 tylko ubezpieczenie na \u017cycie &#8211; co jasno wynika z kodeksu&#8221;. Co zrobi\u0107 w takiej sytuacji?<\/p>\n\n\n\n\n\n<h2 id=\"kluczowe-aspekty-odprawy-posmiertnej\"><strong>Kluczowe aspekty odprawy po\u015bmiertnej<\/strong><\/h2>\n\n\n\n<p>Problem nie jest odosobniony i cz\u0119sto zdarza si\u0119 w naszej praktyce ubezpieczeniowej. Wyst\u0119puje te\u017c wok\u00f3\u0142 niego tak\u017ce sporo nieporozumie\u0144, kt\u00f3re nale\u017cy og\u00f3lnie wyja\u015bni\u0107.<\/p>\n\n\n\n<p>Zacznijmy od podstaw, czyli wyja\u015bnijmy o co chodzi z t\u0105 odpraw\u0105 po\u015bmiertn\u0105, bo jest to bardzo dawne uregulowanie &#8211; praktycznie ma\u0142o znane &#8211; budz\u0105ce wiele kontrowersji w doktrynie prawnej ale tak\u017ce w orzecznictwie s\u0105dowym. Najwa\u017cniejsze punkty widzenia tego problemu to; nie jest to \u015bwiadczenie &#8211; obci\u0105\u017caj\u0105ce pracodawc\u0119 &#8211; wynikaj\u0105ce z zawartej umowy o prac\u0119, chocia\u017c z nim zwi\u0105zane. Albo \u017ce jest to \u015bwiadczenie o charakterze spo\u0142ecznym (socjalnym) maj\u0105cym na celu zminimalizowanie poniesionych na wskutek \u015bmierci pracownika strat materialnych jego rodziny.<\/p>\n\n\n\n<h2 id=\"kto-nabywa-prawo-do-odprawy-posmiertnej\"><strong>Kto nabywa prawo do odprawy po\u015bmiertnej?<\/strong><\/h2>\n\n\n\n<p>Reguluje to przepis zawarty w paragrafie 1, artyku\u0142u<a href=\"https:\/\/sip.lex.pl\/akty-prawne\/dzu-dziennik-ustaw\/kodeks-pracy-16789274\/art-93\"> 93 ustawy Kodek pracy<\/a>. Wynika z niego \u017ce <em>&#8220;W razie \u015bmierci pracownika w czasie trwania stosunku pracy&#8230; rodzinie przys\u0142uguje od pracodawcy odprawa po\u015bmiertna&#8221;.<\/em> Ale uwaga, dotyczy to tylko pracownika zatrudnionego w rozumieniu kodeksowym czyli: umowy o prac\u0119, powo\u0142ania, wyboru, mianowania lub sp\u00f3\u0142dzielczej umowy o prace (art. 2 KP). Nie dotyczy &#8211; a cz\u0119sto jest to mylone &#8211; umowy zlecenia lub o dzie\u0142o, umowy o wsp\u00f3\u0142prace, B2B i podobnych.<\/p>\n\n\n\n<p>Wysoko\u015b\u0107 tej odprawy obligatoryjnie wynika z Kodeku pracy i jest uzale\u017cniona od sta\u017cu pracy u danego pracodawcy. Najwy\u017csza odprawa to sze\u015bciomiesi\u0119czne wynagrodzenie przy ponad 15 letnim zatrudnieniu u pracodawcy.<\/p>\n\n\n\n<p>Odprawa taka przys\u0142uguje cz\u0142onkom rodziny pracownika, czyli wsp\u00f3\u0142ma\u0142\u017conkowi oraz innym cz\u0142onkom rodziny spe\u0142niaj\u0105cym warunki wymagane do uzyskania renty rodzinnej zgodnie z przepisami o emeryturach i rentach z Funduszu Ubezpiecze\u0144 Spo\u0142ecznych. Je\u015bli pozosta\u0142a tylko jedna osoba do odprawy po\u015bmiertnej to przys\u0142uguje jej tylko po\u0142owa ca\u0142ej nale\u017cnej kwoty.<\/p>\n\n\n\n<p>Odpraw\u0119 po\u015bmiertn\u0105 wyp\u0142aca pracodawca osobom uprawnionym, na podstawie z\u0142o\u017conych przez nie wniosk\u00f3w, lub jednego wniosku przez wszystkich uprawnionych, wraz z wymaganymi dokumentami. A s\u0105 nimi: akt zgonu pracownika, akt ma\u0142\u017ce\u0144stwa, inne dokumenty potwierdzaj\u0105ce pokrewie\u0144stwo, za\u015bwiadczenie ZUS o spe\u0142nianiu wymog\u00f3w do uzyskania renty rodzinnej, postanowienie s\u0105du o nabyciu spadku i inne dokumenty niezb\u0119dne do ustalenia stanu faktycznego.<\/p>\n\n\n\n<h2 id=\"wyplata-odprawy-posmiertnej-przez-zaklad-ubezpieczen\"><strong>Wyp\u0142ata odprawy po\u015bmiertnej przez zak\u0142ad ubezpiecze\u0144.<\/strong><\/h2>\n\n\n\n<p>W powszechnym rozumieniu, odpraw\u0119 wyp\u0142aca ZUS (mylone \u015bwiadczenie) lub inny Ubezpieczyciel. A to mija si\u0119 z prawd\u0105. Odpraw\u0119 po\u015bmiertn\u0105 na rzecz rodziny zmar\u0142ego, co do zasady, wyp\u0142aca pracodawca, ale mo\u017ce si\u0119 on jednak od tego obowi\u0105zku uwolni\u0107 ubezpieczaj\u0105c pracownika na \u017cycie. Reguluje to<a href=\"https:\/\/lexlege.pl\/kp\/art-93\/\"> <em>art. 93 \u00a7 7 Kodeksu pracy<\/em><\/a><em>, kt\u00f3ry brzmi &#8221; Odprawa po\u015bmiertna nie przys\u0142uguje cz\u0142onkom rodziny (\u2026<\/em>), <em>je\u017celi pracodawca ubezpieczy\u0142 pracownika na \u017cycie, a odszkodowanie wyp\u0142acone przez instytucj\u0119 ubezpieczeniow\u0105 jest nie ni\u017csze ni\u017c odprawa po\u015bmiertna przys\u0142uguj\u0105ca zgodnie z \u00a7 2 i 6. Je\u017celi odszkodowanie jest ni\u017csze od odprawy po\u015bmiertnej, pracodawca jest obowi\u0105zany wyp\u0142aci\u0107 rodzinie kwot\u0119 stanowi\u0105c\u0105 r\u00f3\u017cnic\u0119 mi\u0119dzy tymi \u015bwiadczeniami&#8221;.<\/em> Najwa\u017cniejsz\u0105 przes\u0142ank\u0105 jest tutaj &#8220;ubezpieczenie pracownika na \u017cycie&#8221; czyli op\u0142acenie w ca\u0142o\u015bci sk\u0142adki &#8220;na wypadek \u015bmierci&#8221;.<\/p>\n\n\n\n<p>Praktycznie mamy takie mo\u017cliwo\u015bci:<\/p>\n\n\n\n<ul><li>&#8211; Pracodawca, w grupowym ubezpieczeniu na \u017cycie op\u0142aca w ca\u0142o\u015bci sk\u0142adk\u0119 ubezpieczeniow\u0105 za pracownika. Odpraw\u0119 wyp\u0142aca ubezpieczyciel i uwalnia pracodawc\u0119. Sk\u0142adka jest dochodem pracownika i podlega opodatkowaniu. Je\u017celi pracodawca op\u0142aca ca\u0142o\u015b\u0107 lub cz\u0119\u015b\u0107 sk\u0142adki za grupowe ubezpieczenie na \u017cycie, to powinna zosta\u0107 doliczona do przychodu pracownika i od ca\u0142o\u015bci wynagrodzenia pracodawca powinien pobra\u0107 podatki i sk\u0142adki na ubezpieczenia spo\u0142eczne i zdrowotne.<br><\/li><li>&#8211; Pracodawca op\u0142aca tylko cz\u0119\u015b\u0107 sk\u0142adki, t\u0105 na wypadek \u015bmierci, a pozosta\u0142\u0105 cz\u0119\u015b\u0107 op\u0142aca sobie sam pracownik. Wyp\u0142acone \u015bwiadczenie uwalnia pracodawc\u0119 od wyp\u0142aty odprawy po\u015bmiertnej. Wysoko\u015b\u0107 sk\u0142adki, kt\u00f3r\u0105 op\u0142aca pracodawca musi by\u0107 odr\u0119bnie wyliczona przez zak\u0142ad ubezpiecze\u0144 na \u017cycie i uwidoczniona w polisie.<strong> <\/strong>Obowi\u0105zuje zasada \u017ce pracodawca musi finansowa\u0107 pracownikowi 100% sk\u0142adki za cz\u0119\u015b\u0107 ubezpieczenia zapewniaj\u0105c\u0105 wyp\u0142at\u0119 \u015bwiadczenia z tytu\u0142u \u015bmierci ubezpieczonego. W przypadku, gdyby wysoko\u015b\u0107 \u015bwiadczenia z ubezpieczenia by\u0142a ni\u017csza, pracodawca b\u0119dzie zobowi\u0105zany wyp\u0142aci\u0107 rodzinie r\u00f3\u017cnic\u0119.<br><\/li><li>&#8211; Pracodawca ubezpieczy\u0142 pracownika na \u017cycie, w ubezpieczeniu grupowym ale sk\u0142adk\u0119 op\u0142aca sobie pracownik np. poprzez potr\u0105cenie z wynagrodzenia. Takie ubezpieczenie nie zwalnia pracodawcy z wyp\u0142aty odprawy, gdy\u017c nie spe\u0142nia wymogu z<a href=\"https:\/\/lexlege.pl\/kp\/art-93\/\"> art 93 &amp; 7 KP<\/a>, \u017ce &#8220;pracodawca ubezpieczy\u0142 pracownika na \u017cycie&#8221;. Ubezpieczenie ma miejsce tylko w\u00f3wczas<em>,<\/em> gdy pracodawca zawar\u0142 z zak\u0142adem ubezpiecze\u0144 umow\u0119 na mocy, kt\u00f3rej ubezpieczy\u0142 pracownika na \u017cycie i z tego tytu\u0142u z w\u0142asnych \u015brodk\u00f3w op\u0142aca stosowne sk\u0142adki, skutkiem czego w razie \u015bmierci pracownika jest zwolniony z wyp\u0142aty odprawy. Dlatego nale\u017cy uzna\u0107, \u017ce samo umo\u017cliwienie przez pracodawc\u0119 przyst\u0105pienia pracownikowi do ubezpieczenia grupowego na \u017cycie, w kt\u00f3rym sk\u0142adka ubezpieczeniowa jest potr\u0105cana z wynagrodzenia pracownika, w przypadku \u015bmierci pracownika, nie zwalnia pracodawcy od wyp\u0142aty odprawy po\u015bmiertnej.<\/li><\/ul>\n\n\n\n<p>Pracodawca ubezpieczy\u0142 pracownika od NNW i op\u0142aci\u0142 za niego sk\u0142adk\u0119. To najcz\u0119\u015bciej wyst\u0119puj\u0105ce sytuacje. Ka\u017cde ubezpieczenie NNW posiada w swoim zakresie &#8220;\u015bmier\u0107 ubezpieczonego&#8221; w wyniku nieszcz\u0119\u015bliwego wypadku. I je\u015bli nast\u0105pi taka \u015bmier\u0107 &#8221; w wyniku nieszcz\u0119\u015bliwego wypadku&#8221; wyp\u0142acone odszkodowanie z ubezpieczenia NNW b\u0119dzie uwalnia\u0142o pracodawc\u0119 od wyp\u0142aty odprawy po\u015bmiertnej &#8211; je\u015bli wysoko\u015b\u0107 \u015bwiadczenia b\u0119dzie wy\u017csze ni\u017c kwota nale\u017cnej odprawy. Nale\u017cy pami\u0119ta\u0107 \u017ce takie ubezpieczenie (NNW) nie obejmuje zgonu naturalnego, z innych przyczyn, a tylko na skutek nieszcz\u0119\u015bliwego wypadku.&nbsp;<\/p>\n\n\n\n<h2 id=\"ubezpieczenie-nnw-a-odprawa-posmiertna\"><strong>Ubezpieczenie NNW a odprawa po\u015bmiertna<\/strong><\/h2>\n\n\n\n<p>Cz\u0119sto zadawane jest pytanie. Czy ubezpieczenie NNW op\u0142acone przez pracodawc\u0119 uwalnia go od wyp\u0142acenia odprawy po\u015bmiertnej. Przecie\u017c &#8211; jak podkre\u015blaj\u0105 niekt\u00f3rzy &#8211; w Kodeksie pracy (<a href=\"https:\/\/lexlege.pl\/kp\/art-93\/\">art 93 &amp;7<\/a>) jest zapis o ubezpieczeniu na \u017cycie. A ubezpieczenie od NNW nale\u017cy do ubezpiecze\u0144 z dzia\u0142u II czyli ubezpiecze\u0144 maj\u0105tkowych &#8211; grupa III ( za\u0142\u0105cznik nr 1 do ustawy o ubezpieczeniach). W praktyce oraz w orzecznictwie s\u0105dowym przyj\u0119\u0142a si\u0119 zasada, \u017ce ubezpieczenie NNW, zawieraj\u0105ce ubezpieczenie ryzyka \u015bmierci, jest uznawane jako spe\u0142nienie wymogu z<a href=\"https:\/\/sip.lex.pl\/akty-prawne\/dzu-dziennik-ustaw\/kodeks-postepowania-administracyjnego-16784712\/art-37\"> art 37 &amp; 7<\/a>, czyli uznawane za spe\u0142niaj\u0105ce wymogi ubezpieczenia \u017cyciowego. Bo ubezpieczane jest \u017cycie osoby uprawnionej, i zgodnie z og\u00f3lnymi zasadami prawa o umowie decyduje nie nazwa umowy ale jej tre\u015b\u0107. Na poparcie tej tezy mo\u017cna przytoczy\u0107 wyrok S\u0105du Najwy\u017cszego z dnia 20 grudnia 2017 roku (sygn. akt III PK 10\/17): <em>\u201e<\/em><a href=\"https:\/\/lexlege.pl\/kp\/art-93\/\"><em>art. 93 \u00a77 kp<\/em><\/a><em>. stosuje si\u0119 do osoby uprawnionej do odprawy po\u015bmiertnej, kt\u00f3rej instytucja ubezpieczeniowa wyp\u0142aci\u0142a \u015bwiadczenie na podstawie dowolnej umowy<\/em><a href=\"https:\/\/kadry.infor.pl\/tematy\/ubezpieczenia\/\"><em> <\/em><em>ubezpieczenia<\/em><\/a><em> zawartej przez pracodawc\u0119, obejmuj\u0105cej ryzyko \u015bmierci pracownika (np. umowy z tytu\u0142u nast\u0119pstw nieszcz\u0119\u015bliwych wypadk\u00f3w)\u201d.<\/em><\/p>\n\n\n\n<p>Reasumuj\u0105c: Je\u015bli pracodawca ubezpieczy pracownika ubezpieczeniem, w kt\u00f3rym obj\u0119te jest ryzyko \u015bmierci pracownika i op\u0142aci za to ubezpieczenie sk\u0142adk\u0119 z w\u0142asnych funduszy, to w razie \u015bmierci pracownika jest on zwolniony z wyp\u0142aty odprawy po\u015bmiertnej pod warunkiem \u017ce wyp\u0142acone odszkodowanie przez zak\u0142ad ubezpiecze\u0144, przewy\u017csza sum\u0119 odprawy po\u015bmiertnej. Je\u015bli \u015bwiadczenie jest ni\u017csze to ma obowi\u0105zek dop\u0142aty r\u00f3\u017cnicy tej kwoty.<\/p>\n\n\n\n<h2 id=\"podsumowanie\"><strong>Podsumowanie<\/strong><\/h2>\n\n\n\n<p>W ka\u017cdym konkretnym przypadku przygotowania ubezpieczenia pracownik\u00f3w, nale\u017cy bardzo szczeg\u00f3\u0142owo analizowa\u0107 problem (w\u0142a\u015bciwe APK), ustalaj\u0105c priorytety Ubezpieczaj\u0105cego. Czy chce dobrze (wysoko) ubezpieczy\u0107 og\u00f3lnie swoich pracownik\u00f3w, czy ze wzgl\u0119du na charakter pracy chce najlepiej ubezpieczy\u0107 ich, od nast\u0119pstw nieszcz\u0119\u015bliwych wypadk\u00f3w i utraty zdrowia z tego tytu\u0142u. Z praktyki wiem, \u017ce odprawy po\u015bmiertne nie znajduj\u0105 si\u0119 w czo\u0142\u00f3wce czynnik\u00f3w i ryzyk branych pod uwag\u0119. Od tego zale\u017cy, jakie wybierzemy ubezpieczenie: grupowe na \u017cycie (obj\u0119ta ka\u017cda \u015bmier\u0107 osoby) czy NNW (obj\u0119ta tylko \u015bmier\u0107 na wskutek nieszcz\u0119\u015bliwego wypadku).<\/p>\n","protected":false},"excerpt":{"rendered":"Agent kieruje do mnie pytanie. &#8220;M\u00f3j klient, kt\u00f3rego ubezpieczam od kilku lat prowadzi zak\u0142ad w bran\u017cy spo\u017cywczej i&hellip;\n","protected":false},"author":4,"featured_media":4135,"comment_status":"closed","ping_status":"open","sticky":false,"template":"","format":"standard","meta":{"csco_singular_sidebar":"","csco_page_header_type":"","csco_appearance_grid":"","csco_page_load_nextpost":"","csco_post_video_location":[],"csco_post_video_location_hash":"","csco_post_video_url":"","csco_post_video_bg_start_time":0,"csco_post_video_bg_end_time":0},"categories":[12],"tags":[162,161,129],"yoast_head":"<!-- This site is optimized with the Yoast SEO plugin v18.2 - https:\/\/yoast.com\/wordpress\/plugins\/seo\/ -->\n<title>Czy pracownicza odprawa po\u015bmiertna podlega ubezpieczeniu? &ndash; Mapa Agent\u00f3w - Blog<\/title>\n<meta name=\"robots\" content=\"index, follow, max-snippet:-1, max-image-preview:large, max-video-preview:-1\" \/>\n<link rel=\"canonical\" href=\"https:\/\/mapaagentow.pl\/blog\/aktualnosci-branzowe\/pracownicza-odprawa-posmiertna\/\" \/>\n<meta property=\"og:locale\" content=\"pl_PL\" \/>\n<meta property=\"og:type\" content=\"article\" \/>\n<meta property=\"og:title\" content=\"Czy pracownicza odprawa po\u015bmiertna podlega ubezpieczeniu? &ndash; Mapa Agent\u00f3w - Blog\" \/>\n<meta property=\"og:description\" content=\"Agent kieruje do mnie pytanie. &#8220;M\u00f3j klient, kt\u00f3rego ubezpieczam od kilku lat prowadzi zak\u0142ad w bran\u017cy spo\u017cywczej i&hellip;\" \/>\n<meta property=\"og:url\" content=\"https:\/\/mapaagentow.pl\/blog\/aktualnosci-branzowe\/pracownicza-odprawa-posmiertna\/\" \/>\n<meta property=\"og:site_name\" content=\"Mapa Agent\u00f3w - Blog\" \/>\n<meta property=\"article:publisher\" content=\"https:\/\/www.facebook.com\/Agent-Przysz%c5%82o%c5%9bci-326651642080305\" \/>\n<meta property=\"article:published_time\" content=\"2024-05-08T10:01:30+00:00\" \/>\n<meta property=\"article:modified_time\" content=\"2024-05-08T10:09:53+00:00\" \/>\n<meta property=\"og:image\" content=\"https:\/\/mapaagentow.pl\/blog\/wp-content\/uploads\/2024\/05\/Pracownicza-odprawa-posmiertna.jpg\" \/>\n\t<meta property=\"og:image:width\" content=\"2000\" \/>\n\t<meta property=\"og:image:height\" content=\"1335\" \/>\n\t<meta property=\"og:image:type\" content=\"image\/jpeg\" \/>\n<meta name=\"twitter:card\" content=\"summary_large_image\" \/>\n<meta name=\"twitter:label1\" content=\"Napisane przez\" \/>\n\t<meta name=\"twitter:data1\" content=\"dr Stanislaw Kuta, Doradca Zarz\u0105du Alwis&amp;Secura\" \/>\n\t<meta name=\"twitter:label2\" content=\"Szacowany czas czytania\" \/>\n\t<meta name=\"twitter:data2\" content=\"8 minut\" \/>\n<script type=\"application\/ld+json\" class=\"yoast-schema-graph\">{\"@context\":\"https:\/\/schema.org\",\"@graph\":[{\"@type\":\"WebSite\",\"@id\":\"https:\/\/mapaagentow.pl\/blog\/#website\",\"url\":\"https:\/\/mapaagentow.pl\/blog\/\",\"name\":\"Mapa Agent\u00f3w - Blog\",\"description\":\"Blog dla ka\u017cdego agenta ubezpieczeniowego\",\"potentialAction\":[{\"@type\":\"SearchAction\",\"target\":{\"@type\":\"EntryPoint\",\"urlTemplate\":\"https:\/\/mapaagentow.pl\/blog\/?s={search_term_string}\"},\"query-input\":\"required name=search_term_string\"}],\"inLanguage\":\"pl-PL\"},{\"@type\":\"ImageObject\",\"@id\":\"https:\/\/mapaagentow.pl\/blog\/aktualnosci-branzowe\/pracownicza-odprawa-posmiertna\/#primaryimage\",\"inLanguage\":\"pl-PL\",\"url\":\"https:\/\/mapaagentow.pl\/blog\/wp-content\/uploads\/2024\/05\/Pracownicza-odprawa-posmiertna.jpg\",\"contentUrl\":\"https:\/\/mapaagentow.pl\/blog\/wp-content\/uploads\/2024\/05\/Pracownicza-odprawa-posmiertna.jpg\",\"width\":2000,\"height\":1335},{\"@type\":\"WebPage\",\"@id\":\"https:\/\/mapaagentow.pl\/blog\/aktualnosci-branzowe\/pracownicza-odprawa-posmiertna\/#webpage\",\"url\":\"https:\/\/mapaagentow.pl\/blog\/aktualnosci-branzowe\/pracownicza-odprawa-posmiertna\/\",\"name\":\"Czy pracownicza odprawa po\u015bmiertna podlega ubezpieczeniu? &ndash; Mapa Agent\u00f3w - Blog\",\"isPartOf\":{\"@id\":\"https:\/\/mapaagentow.pl\/blog\/#website\"},\"primaryImageOfPage\":{\"@id\":\"https:\/\/mapaagentow.pl\/blog\/aktualnosci-branzowe\/pracownicza-odprawa-posmiertna\/#primaryimage\"},\"datePublished\":\"2024-05-08T10:01:30+00:00\",\"dateModified\":\"2024-05-08T10:09:53+00:00\",\"author\":{\"@id\":\"https:\/\/mapaagentow.pl\/blog\/#\/schema\/person\/3ea7f91cce5478273d3be50c1944f78d\"},\"breadcrumb\":{\"@id\":\"https:\/\/mapaagentow.pl\/blog\/aktualnosci-branzowe\/pracownicza-odprawa-posmiertna\/#breadcrumb\"},\"inLanguage\":\"pl-PL\",\"potentialAction\":[{\"@type\":\"ReadAction\",\"target\":[\"https:\/\/mapaagentow.pl\/blog\/aktualnosci-branzowe\/pracownicza-odprawa-posmiertna\/\"]}]},{\"@type\":\"BreadcrumbList\",\"@id\":\"https:\/\/mapaagentow.pl\/blog\/aktualnosci-branzowe\/pracownicza-odprawa-posmiertna\/#breadcrumb\",\"itemListElement\":[{\"@type\":\"ListItem\",\"position\":1,\"name\":\"Blog\",\"item\":\"https:\/\/mapaagentow.pl\/blog\/\"},{\"@type\":\"ListItem\",\"position\":2,\"name\":\"Aktualno\u015bci bran\u017cowe\",\"item\":\"https:\/\/mapaagentow.pl\/blog\/.\/aktualnosci-branzowe\/\"},{\"@type\":\"ListItem\",\"position\":3,\"name\":\"Czy pracownicza odprawa po\u015bmiertna podlega ubezpieczeniu?\"}]},{\"@type\":\"Person\",\"@id\":\"https:\/\/mapaagentow.pl\/blog\/#\/schema\/person\/3ea7f91cce5478273d3be50c1944f78d\",\"name\":\"dr Stanislaw Kuta, Doradca Zarz\u0105du Alwis&amp;Secura\",\"image\":{\"@type\":\"ImageObject\",\"@id\":\"https:\/\/mapaagentow.pl\/blog\/#personlogo\",\"inLanguage\":\"pl-PL\",\"url\":\"https:\/\/mapaagentow.pl\/blog\/wp-content\/uploads\/2025\/10\/dr-Stanislaw-Kuta-96x96.png\",\"contentUrl\":\"https:\/\/mapaagentow.pl\/blog\/wp-content\/uploads\/2025\/10\/dr-Stanislaw-Kuta-96x96.png\",\"caption\":\"dr Stanislaw Kuta, Doradca Zarz\u0105du Alwis&amp;Secura\"},\"url\":\"https:\/\/mapaagentow.pl\/blog\/author\/dr-stanislaw-kuta\/\"}]}<\/script>\n<!-- \/ Yoast SEO plugin. -->","yoast_head_json":{"title":"Czy pracownicza odprawa po\u015bmiertna podlega ubezpieczeniu? &ndash; Mapa Agent\u00f3w - Blog","robots":{"index":"index","follow":"follow","max-snippet":"max-snippet:-1","max-image-preview":"max-image-preview:large","max-video-preview":"max-video-preview:-1"},"canonical":"https:\/\/mapaagentow.pl\/blog\/aktualnosci-branzowe\/pracownicza-odprawa-posmiertna\/","og_locale":"pl_PL","og_type":"article","og_title":"Czy pracownicza odprawa po\u015bmiertna podlega ubezpieczeniu? &ndash; Mapa Agent\u00f3w - Blog","og_description":"Agent kieruje do mnie pytanie. &#8220;M\u00f3j klient, kt\u00f3rego ubezpieczam od kilku lat prowadzi zak\u0142ad w bran\u017cy spo\u017cywczej i&hellip;","og_url":"https:\/\/mapaagentow.pl\/blog\/aktualnosci-branzowe\/pracownicza-odprawa-posmiertna\/","og_site_name":"Mapa Agent\u00f3w - Blog","article_publisher":"https:\/\/www.facebook.com\/Agent-Przysz%c5%82o%c5%9bci-326651642080305","article_published_time":"2024-05-08T10:01:30+00:00","article_modified_time":"2024-05-08T10:09:53+00:00","og_image":[{"width":2000,"height":1335,"url":"https:\/\/mapaagentow.pl\/blog\/wp-content\/uploads\/2024\/05\/Pracownicza-odprawa-posmiertna.jpg","type":"image\/jpeg"}],"twitter_card":"summary_large_image","twitter_misc":{"Napisane przez":"dr Stanislaw Kuta, Doradca Zarz\u0105du Alwis&amp;Secura","Szacowany czas czytania":"8 minut"},"schema":{"@context":"https:\/\/schema.org","@graph":[{"@type":"WebSite","@id":"https:\/\/mapaagentow.pl\/blog\/#website","url":"https:\/\/mapaagentow.pl\/blog\/","name":"Mapa Agent\u00f3w - Blog","description":"Blog dla ka\u017cdego agenta ubezpieczeniowego","potentialAction":[{"@type":"SearchAction","target":{"@type":"EntryPoint","urlTemplate":"https:\/\/mapaagentow.pl\/blog\/?s={search_term_string}"},"query-input":"required name=search_term_string"}],"inLanguage":"pl-PL"},{"@type":"ImageObject","@id":"https:\/\/mapaagentow.pl\/blog\/aktualnosci-branzowe\/pracownicza-odprawa-posmiertna\/#primaryimage","inLanguage":"pl-PL","url":"https:\/\/mapaagentow.pl\/blog\/wp-content\/uploads\/2024\/05\/Pracownicza-odprawa-posmiertna.jpg","contentUrl":"https:\/\/mapaagentow.pl\/blog\/wp-content\/uploads\/2024\/05\/Pracownicza-odprawa-posmiertna.jpg","width":2000,"height":1335},{"@type":"WebPage","@id":"https:\/\/mapaagentow.pl\/blog\/aktualnosci-branzowe\/pracownicza-odprawa-posmiertna\/#webpage","url":"https:\/\/mapaagentow.pl\/blog\/aktualnosci-branzowe\/pracownicza-odprawa-posmiertna\/","name":"Czy pracownicza odprawa po\u015bmiertna podlega ubezpieczeniu? &ndash; Mapa Agent\u00f3w - Blog","isPartOf":{"@id":"https:\/\/mapaagentow.pl\/blog\/#website"},"primaryImageOfPage":{"@id":"https:\/\/mapaagentow.pl\/blog\/aktualnosci-branzowe\/pracownicza-odprawa-posmiertna\/#primaryimage"},"datePublished":"2024-05-08T10:01:30+00:00","dateModified":"2024-05-08T10:09:53+00:00","author":{"@id":"https:\/\/mapaagentow.pl\/blog\/#\/schema\/person\/3ea7f91cce5478273d3be50c1944f78d"},"breadcrumb":{"@id":"https:\/\/mapaagentow.pl\/blog\/aktualnosci-branzowe\/pracownicza-odprawa-posmiertna\/#breadcrumb"},"inLanguage":"pl-PL","potentialAction":[{"@type":"ReadAction","target":["https:\/\/mapaagentow.pl\/blog\/aktualnosci-branzowe\/pracownicza-odprawa-posmiertna\/"]}]},{"@type":"BreadcrumbList","@id":"https:\/\/mapaagentow.pl\/blog\/aktualnosci-branzowe\/pracownicza-odprawa-posmiertna\/#breadcrumb","itemListElement":[{"@type":"ListItem","position":1,"name":"Blog","item":"https:\/\/mapaagentow.pl\/blog\/"},{"@type":"ListItem","position":2,"name":"Aktualno\u015bci bran\u017cowe","item":"https:\/\/mapaagentow.pl\/blog\/.\/aktualnosci-branzowe\/"},{"@type":"ListItem","position":3,"name":"Czy pracownicza odprawa po\u015bmiertna podlega ubezpieczeniu?"}]},{"@type":"Person","@id":"https:\/\/mapaagentow.pl\/blog\/#\/schema\/person\/3ea7f91cce5478273d3be50c1944f78d","name":"dr Stanislaw Kuta, Doradca Zarz\u0105du Alwis&amp;Secura","image":{"@type":"ImageObject","@id":"https:\/\/mapaagentow.pl\/blog\/#personlogo","inLanguage":"pl-PL","url":"https:\/\/mapaagentow.pl\/blog\/wp-content\/uploads\/2025\/10\/dr-Stanislaw-Kuta-96x96.png","contentUrl":"https:\/\/mapaagentow.pl\/blog\/wp-content\/uploads\/2025\/10\/dr-Stanislaw-Kuta-96x96.png","caption":"dr Stanislaw Kuta, Doradca Zarz\u0105du Alwis&amp;Secura"},"url":"https:\/\/mapaagentow.pl\/blog\/author\/dr-stanislaw-kuta\/"}]}},"_links":{"self":[{"href":"https:\/\/mapaagentow.pl\/blog\/wp-json\/wp\/v2\/posts\/4134"}],"collection":[{"href":"https:\/\/mapaagentow.pl\/blog\/wp-json\/wp\/v2\/posts"}],"about":[{"href":"https:\/\/mapaagentow.pl\/blog\/wp-json\/wp\/v2\/types\/post"}],"author":[{"embeddable":true,"href":"https:\/\/mapaagentow.pl\/blog\/wp-json\/wp\/v2\/users\/4"}],"replies":[{"embeddable":true,"href":"https:\/\/mapaagentow.pl\/blog\/wp-json\/wp\/v2\/comments?post=4134"}],"version-history":[{"count":3,"href":"https:\/\/mapaagentow.pl\/blog\/wp-json\/wp\/v2\/posts\/4134\/revisions"}],"predecessor-version":[{"id":4139,"href":"https:\/\/mapaagentow.pl\/blog\/wp-json\/wp\/v2\/posts\/4134\/revisions\/4139"}],"wp:featuredmedia":[{"embeddable":true,"href":"https:\/\/mapaagentow.pl\/blog\/wp-json\/wp\/v2\/media\/4135"}],"wp:attachment":[{"href":"https:\/\/mapaagentow.pl\/blog\/wp-json\/wp\/v2\/media?parent=4134"}],"wp:term":[{"taxonomy":"category","embeddable":true,"href":"https:\/\/mapaagentow.pl\/blog\/wp-json\/wp\/v2\/categories?post=4134"},{"taxonomy":"post_tag","embeddable":true,"href":"https:\/\/mapaagentow.pl\/blog\/wp-json\/wp\/v2\/tags?post=4134"}],"curies":[{"name":"wp","href":"https:\/\/api.w.org\/{rel}","templated":true}]}}